{"id":66146,"date":"2017-08-03T05:51:06","date_gmt":"2017-08-03T08:51:06","guid":{"rendered":"http:\/\/argentinamunicipal.com.ar\/argentina\/?p=66146"},"modified":"2017-08-03T07:53:33","modified_gmt":"2017-08-03T10:53:33","slug":"corrientes-bronca-municipal-regreso-los-recortes","status":"publish","type":"post","link":"http:\/\/argentinamunicipal.com.ar\/argentina\/corrientes-bronca-municipal-regreso-los-recortes\/","title":{"rendered":"Corrientes: Bronca municipal por el regreso de los recortes"},"content":{"rendered":"<p>\u00abAc\u00e1 buscan lograr un desfinanciamiento para el tramo final de la gesti\u00f3n, que afectar\u00e1 a las pr\u00f3ximas gestiones\u00bb, indic\u00f3 el intendente R\u00edos.<\/p>\n<p>El intendente de la Ciudad de Corrientes, Fabi\u00e1n R\u00edos denunci\u00f3 ayer que el Ejecutivo provincial comenz\u00f3 a aplicar nuevos recortes de recursos por pasivos reestructurados m\u00e1s coparticipaci\u00f3n que le adeudan a su administraci\u00f3n.<br \/>\n\u00abAh\u00ed vamos de nuevo. Ordenan retenci\u00f3n a la Municipalidad de Corrientes por 21,5 millones de pesos del Programa Federal de Desendeudamiento, que la Provincia no le paga a la Naci\u00f3n\u00bb, escribi\u00f3 el Jefe comunal capitalino en su cuenta oficial de Twitter.<br \/>\nSe tratan de retenciones compulsivas y retroactivas que aparecieron esta semana, 11.807.000 pesos para el per\u00edodo enero-julio. Tambi\u00e9n comunicaron, de manera informal, que habr\u00e1 m\u00e1s recortes de fondos por un monto similar para el per\u00edodo agosto-diciembre. De aplicarse, la retenci\u00f3n indebida alcanzar\u00eda casi los 22.000.000 de pesos para este a\u00f1o.<br \/>\nEl concepto de las retenciones irregulares, que argumenta la Provincia, es el Programa Federal de Desendeudamiento de las Provincias Argentinas (Profedes); al que la Municipalidad de Corrientes adhiri\u00f3 en octubre de 2010 y lo ratific\u00f3 con un acuerdo local -suscrito con el Ministerio de Hacienda de la Provincia- en febrero de 2016.<br \/>\nUno de los beneficios que ofrece el Profedes es trasladarle a la Comuna capitalina los per\u00edodos de gracia para el no pago de pasivos reestructurados, que tienen como principal acreedor al Estado nacional. Beneficios que el Gobierno provincial viene gozando hace 6 a\u00f1os.<br \/>\nA pesar de la vigencia del Programa Federal de Desendeudamiento, la Municipalidad de Corrientes sigui\u00f3 pagando esas deudas reestructuradas (para la cual sigue vigente el per\u00edodo de gracia para el no pago de esos pasivos). Esos recursos fueron y son retenidos, de manera compulsiva, irregular y retroactiva, por la administraci\u00f3n de Ricardo Colombi, que no gira esos recursos al Estado nacional que es el verdadero acreedor.<br \/>\nA estas retenciones, aplicadas sin previo aviso, la Comuna capitalina le suma otros 7.000.000 de pesos que el Gobierno provincial le debe, desde el a\u00f1o pasado, por el porcentaje que le corresponde en Coparticipaci\u00f3n de los fondos que la Anses comenz\u00f3 a devolverle en cuotas a todos los distritos del pa\u00eds.<br \/>\nEn lo que va de su gesti\u00f3n (tres a\u00f1os y medio), la administraci\u00f3n del intendente Fabi\u00e1n R\u00edos le pag\u00f3 al Gobierno provincial casi 200.000.000 de pesos en deudas heredadas de gestiones anteriores.<\/p>\n<h6>Fuente: El Libertador<\/h6>\n","protected":false},"excerpt":{"rendered":"<p>\u00abAc\u00e1 buscan lograr un desfinanciamiento para el tramo final de la gesti\u00f3n, que afectar\u00e1 a las pr\u00f3ximas gestiones\u00bb, indic\u00f3 el intendente R\u00edos.<\/p>\n","protected":false},"author":2,"featured_media":66147,"comment_status":"closed","ping_status":"closed","sticky":false,"template":"","format":"standard","meta":{"footnotes":""},"categories":[5],"tags":[13],"class_list":["post-66146","post","type-post","status-publish","format-standard","has-post-thumbnail","hentry","category-informe-economico","tag-corrientes"],"_links":{"self":[{"href":"http:\/\/argentinamunicipal.com.ar\/argentina\/wp-json\/wp\/v2\/posts\/66146","targetHints":{"allow":["GET"]}}],"collection":[{"href":"http:\/\/argentinamunicipal.com.ar\/argentina\/wp-json\/wp\/v2\/posts"}],"about":[{"href":"http:\/\/argentinamunicipal.com.ar\/argentina\/wp-json\/wp\/v2\/types\/post"}],"author":[{"embeddable":true,"href":"http:\/\/argentinamunicipal.com.ar\/argentina\/wp-json\/wp\/v2\/users\/2"}],"replies":[{"embeddable":true,"href":"http:\/\/argentinamunicipal.com.ar\/argentina\/wp-json\/wp\/v2\/comments?post=66146"}],"version-history":[{"count":0,"href":"http:\/\/argentinamunicipal.com.ar\/argentina\/wp-json\/wp\/v2\/posts\/66146\/revisions"}],"wp:featuredmedia":[{"embeddable":true,"href":"http:\/\/argentinamunicipal.com.ar\/argentina\/wp-json\/wp\/v2\/media\/66147"}],"wp:attachment":[{"href":"http:\/\/argentinamunicipal.com.ar\/argentina\/wp-json\/wp\/v2\/media?parent=66146"}],"wp:term":[{"taxonomy":"category","embeddable":true,"href":"http:\/\/argentinamunicipal.com.ar\/argentina\/wp-json\/wp\/v2\/categories?post=66146"},{"taxonomy":"post_tag","embeddable":true,"href":"http:\/\/argentinamunicipal.com.ar\/argentina\/wp-json\/wp\/v2\/tags?post=66146"}],"curies":[{"name":"wp","href":"https:\/\/api.w.org\/{rel}","templated":true}]}}