{"id":66149,"date":"2017-08-03T08:01:18","date_gmt":"2017-08-03T11:01:18","guid":{"rendered":"http:\/\/argentinamunicipal.com.ar\/argentina\/?p=66149"},"modified":"2017-08-03T08:01:18","modified_gmt":"2017-08-03T11:01:18","slug":"impulsan-madryn-autoabastecimiento-energetico-medios-renovables","status":"publish","type":"post","link":"http:\/\/argentinamunicipal.com.ar\/argentina\/impulsan-madryn-autoabastecimiento-energetico-medios-renovables\/","title":{"rendered":"Impulsan en Madryn el autoabastecimiento energ\u00e9tico por medios renovables"},"content":{"rendered":"<p>D\u00edas atr\u00e1s, a trav\u00e9s de Mesa de Entrada del Concejo Deliberante, desde el Frente Radical Amaya Chubut de Puerto Madryn presentaron una propuesta que, seg\u00fan indicaron, \u201cpodr\u00eda innovar en el consumo de energ\u00eda\u201d.<br \/>\nSe trata de una iniciativa denominada \u201cEnerg\u00eda Verde\u201d, que consiste en \u201cla reglamentaci\u00f3n de un sistema de autoabastecimiento energ\u00e9tico por medios renovables\u201d, para lo cual aseguraron que \u201cestos equipos no solo abastecer\u00edan un porcentaje del consumo interno, sino que, tambi\u00e9n, habilitar\u00edan a la inyecci\u00f3n de energ\u00eda a la red\u201d.<br \/>\nTales sistemas \u201cson aplicados en otras naciones y en otras provincias, solucionando parcialmente de forma privada la demanda de energ\u00eda, en un momento en el cual es notorio el momento de crisis energ\u00e9tica que atraviesa la Naci\u00f3n\u201d, agregaron.<br \/>\nEn este sentido, manifestaron que \u201cla idea es generar, de manera domiciliaria, mediante paneles solares y\/o aerogeneradores, energ\u00eda para el consumo, y de este modo tener la posibilidad de poder inyectar a la red el porcentaje no consumido, en el cual tendr\u00e1n el mismo valor el consumo de energ\u00eda que la inyecci\u00f3n de energ\u00eda, generando cr\u00e9dito a favor y hasta disminuci\u00f3n de la cantidad demandada de energ\u00eda a la prestataria del servicio\u201d.<br \/>\nSobre esto \u00faltimo, recordaron que \u201cactualmente, no solo no est\u00e1 reglamentado este sistema, sino que el mismo se encuentra impedido de ser aplicado\u201d y plantearon que \u201cesto no requerir\u00eda inversi\u00f3n por parte del Estado, sino que el privado tendr\u00eda la oportunidad de optar por invertir y, de esta forma, suplir parte de la necesidad energ\u00e9tica y dejar\u00eda parte de ese consumo provisto por la prestataria para nuevas y m\u00e1s demandas\u201d.<\/p>\n<p>Crecimiento \u201cininterrumpido\u201d del consumo<\/p>\n<p>El documento del proyecto, al cual el Diario pudo tener acceso, considera que \u201cteniendo en cuenta que la matriz de abastecimiento de energ\u00eda para la econom\u00eda de la regi\u00f3n se ha caracterizado hist\u00f3ricamente por una participaci\u00f3n mayoritaria de energ\u00edas no renovables, comenzando a tener mayor protagonismo y relevancia la producci\u00f3n de energ\u00eda e\u00f3lica, la cual presenta algunas deficiencias entre la real generaci\u00f3n inyectada a la red y la capacidad total de producci\u00f3n, por lo cual resulta una significativa diferencia econ\u00f3mica\u201d y que \u201cla generaci\u00f3n de Energ\u00eda Verde se plantea desde un punto de crisis energ\u00e9tica mundial coincidente con un crecimiento ininterrumpido en el consumo energ\u00e9tico tanto dom\u00e9stico como en el sector productivo; la producci\u00f3n de energ\u00eda renovable en el pa\u00eds, es de un porcentaje tan inferior que no logran ayudar y no solucionan la demanda; creemos que es posible si Argentina se lo propone, podr\u00eda suplir la totalidad de su consumo el\u00e9ctrico con energ\u00edas de fuentes limpias y renovables, e incluso podr\u00eda llegar a ser exportadora neta. En el a\u00f1o 2006 se cre\u00f3 el marco regulatorio, con la sanci\u00f3n de la ley 26.190\/06, la cual otorg\u00f3 a las energ\u00edas renovables el car\u00e1cter de inter\u00e9s nacional, dejando asentado que, para el a\u00f1o 2016, la Argentina deber\u00eda asegurarse que hasta un ocho por ciento de la generaci\u00f3n de energ\u00eda el\u00e9ctrica provenga de fuentes renovables\u201d.<\/p>\n<p>Particulares e industriales<\/p>\n<p>La iniciativa establece, en uno de sus art\u00edculos, que \u201clos Usuarios domiciliarios que dispongan para su propio consumo un Equipamiento de Generaci\u00f3n de energ\u00eda el\u00e9ctrica por medios renovables no convencionales o de instalaciones de cogeneraci\u00f3n eficiente denominadas \u201cEnerg\u00eda Verde\u201d , que hagan uso del derecho a inyectar los excedentes de energ\u00eda que no son consumidos por s\u00ed mismo de esta forma generen a la red de distribuci\u00f3n a trav\u00e9s de los respectivos empalmes, cuya Capacidad Instalada no supere los 200 kilowatts y cumplan los dem\u00e1s requisitos establecidos en la Ley y lo dispuesto en el presente reglamento\u201d y que \u201clos productores industriales, que dispongan de equipos para generaci\u00f3n de energ\u00eda e\u00f3lica y fotovoltaica, que hagan uso del derecho a inyectar los excedentes de energ\u00eda a la red de distribuci\u00f3n hasta un m\u00e1ximo de 500 kilowatts y las empresas distribuidoras de energ\u00eda electricidad\u201d.<br \/>\nAdem\u00e1s, agrega que \u201clos usuarios que deseen hacer uso del derecho a inyectar energ\u00eda el\u00e9ctrica, podr\u00e1n solicitar a las Empresas Distribuidoras la informaci\u00f3n necesaria, las cuales deber\u00e1n proveer de la misma junto con el listado de empresas autorizadas a la instalaci\u00f3n, que en un plazo perentorio de 10 d\u00edas ser\u00e1 efectivizada dicha informaci\u00f3n\u201d y que \u201cla empresa autorizada contara con la informaci\u00f3n que provea la distribuidora de servicios asociada al transformador de distribuci\u00f3n o alimentador que corresponda, para el adecuado dise\u00f1o e instalaci\u00f3n del Equipamiento de Generaci\u00f3n, la cual deber\u00e1 ser entregada en un plazo no mayor a 15 d\u00edas h\u00e1biles contado desde la recepci\u00f3n del requerimiento por parte de la Empresa Distribuidora\u201d.<\/p>\n<p>El usuario y la conexi\u00f3n \u201cdefinitiva\u201d a la red<\/p>\n<p>Por otro lado, establece que \u201cpara proteger la seguridad de las personas y de los bienes, as\u00ed como tambi\u00e9n con el objeto de seguridad y continuidad del suministro el\u00e9ctrico, las empresas distribuidoras ser\u00e1n responsables de mantener a disposici\u00f3n de sus usuarios que hagan uso del derecho de inyectar a la red el\u00e9ctrica, la informaci\u00f3n t\u00e9cnica de sus instalaciones, a fin de entregarla cada vez que les sea requerida por estos \u00faltimos. As\u00ed se puede proceder a la conexi\u00f3n segura del equipamiento de generaci\u00f3n y para su adecuado dise\u00f1o e instalaci\u00f3n, en un plazo de 24 horas de cualquier modificaci\u00f3n o alteraci\u00f3n de la \u00faltima informaci\u00f3n brindada. As\u00ed tambi\u00e9n se responsabiliza a estas a brindar en id\u00e9ntico plazo informaci\u00f3n relativa a la Capacidad Instalada M\u00e1xima\u201d.<\/p>\n<p>C\u00f3mo medir\u00e1n la energ\u00eda utilizada y generada<\/p>\n<p>En lo relativo a la medici\u00f3n y valorizaci\u00f3n de las inyecciones, el proyecto sostiene que \u201cla empresa distribuidora o prestataria del servicio el\u00e9ctrico correspondientemente ser\u00e1 responsable de realizar la lectura cada 30 d\u00edas. Las inyecciones de energ\u00eda el\u00e9ctrica efectuadas por el equipamiento de generaci\u00f3n de Energ\u00eda Verde, ser\u00e1n medidas por medio de la empresa distribuidora o prestataria en id\u00e9ntico periodo de tiempo que las lecturas correspondientes de consumo el\u00e9ctrico, no siendo un requerimiento indispensable o impedimento para la lectura del consumo final de energ\u00eda el\u00e9ctrica\u201d y agrega que \u201cel usuario dispondr\u00e1 de un equipo medidor, con las caracter\u00edsticas bajo normas legales, capaz de medir las inyecciones que se realicen a la red de distribuci\u00f3n el\u00e9ctrica. Este equipo en el caso de usuarios que dispongan en conjunto de un equipamiento de generaci\u00f3n conectado a instalaciones de una empresa distribuidora o prestataria en donde el consumo y la inyecci\u00f3n se registren en equipos de medici\u00f3n generales en la alimentaci\u00f3n principal y en marcadores para los consumos individuales interiores, podr\u00e1n acordar con la empresa que distribuye , las condiciones en que la generaci\u00f3n e inyecci\u00f3n del Equipamiento de Generaci\u00f3n sea prorrateada entre cada uno de ellos\u201d.<\/p>\n<h6>Fuente: El Diario de Madryn<\/h6>\n","protected":false},"excerpt":{"rendered":"<p>D\u00edas atr\u00e1s, a trav\u00e9s de Mesa de Entrada del Concejo Deliberante, desde el Frente Radical Amaya Chubut de Puerto Madryn presentaron una propuesta que, seg\u00fan indicaron, \u201cpodr\u00eda innovar en el consumo de energ\u00eda\u201d.<\/p>\n","protected":false},"author":2,"featured_media":66150,"comment_status":"closed","ping_status":"closed","sticky":false,"template":"","format":"standard","meta":{"footnotes":""},"categories":[2],"tags":[14],"class_list":["post-66149","post","type-post","status-publish","format-standard","has-post-thumbnail","hentry","category-informe-municipal","tag-chubut"],"_links":{"self":[{"href":"http:\/\/argentinamunicipal.com.ar\/argentina\/wp-json\/wp\/v2\/posts\/66149","targetHints":{"allow":["GET"]}}],"collection":[{"href":"http:\/\/argentinamunicipal.com.ar\/argentina\/wp-json\/wp\/v2\/posts"}],"about":[{"href":"http:\/\/argentinamunicipal.com.ar\/argentina\/wp-json\/wp\/v2\/types\/post"}],"author":[{"embeddable":true,"href":"http:\/\/argentinamunicipal.com.ar\/argentina\/wp-json\/wp\/v2\/users\/2"}],"replies":[{"embeddable":true,"href":"http:\/\/argentinamunicipal.com.ar\/argentina\/wp-json\/wp\/v2\/comments?post=66149"}],"version-history":[{"count":0,"href":"http:\/\/argentinamunicipal.com.ar\/argentina\/wp-json\/wp\/v2\/posts\/66149\/revisions"}],"wp:featuredmedia":[{"embeddable":true,"href":"http:\/\/argentinamunicipal.com.ar\/argentina\/wp-json\/wp\/v2\/media\/66150"}],"wp:attachment":[{"href":"http:\/\/argentinamunicipal.com.ar\/argentina\/wp-json\/wp\/v2\/media?parent=66149"}],"wp:term":[{"taxonomy":"category","embeddable":true,"href":"http:\/\/argentinamunicipal.com.ar\/argentina\/wp-json\/wp\/v2\/categories?post=66149"},{"taxonomy":"post_tag","embeddable":true,"href":"http:\/\/argentinamunicipal.com.ar\/argentina\/wp-json\/wp\/v2\/tags?post=66149"}],"curies":[{"name":"wp","href":"https:\/\/api.w.org\/{rel}","templated":true}]}}