{"id":66155,"date":"2017-08-03T08:07:32","date_gmt":"2017-08-03T11:07:32","guid":{"rendered":"http:\/\/argentinamunicipal.com.ar\/argentina\/?p=66155"},"modified":"2017-08-03T08:07:32","modified_gmt":"2017-08-03T11:07:32","slug":"chile-pinera-favorito-las-elecciones-32","status":"publish","type":"post","link":"http:\/\/argentinamunicipal.com.ar\/argentina\/chile-pinera-favorito-las-elecciones-32\/","title":{"rendered":"Chile: Pi\u00f1era es el favorito para las elecciones, con 32%"},"content":{"rendered":"<p>Por su parte, la presidenta Bachelet mantiene su ascenso desde febrero.<\/p>\n<p>El ex presidente\u00a0Sebasti\u00e1n Pi\u00f1era (2010-2014),\u00a0actual candidato de la agrupaci\u00f3n derechista\u00a0Chile Vamos, mantiene el liderazgo en las preferencias\u00a0presidenciales con 32% con vistas a las elecciones de noviembre, seg\u00fan la \u00faltima encuesta que dio a conocer ayer la consultora\u00a0Adimark.<\/p>\n<p>La periodista Beatriz S\u00e1nchez, del Frente Amplio, supera por primera vez a su colega\u00a0Alejandro Guillier, de la oficialista Nueva Mayor\u00eda, por un punto porcentual: 17% a 16%.\u00a0A la pregunta \u00bfqui\u00e9n cree que ser\u00e1 el pr\u00f3ximo presidente de Chile?, el ex mandatario arrasa en las preferencias con 67% de las menciones, seguido por\u00a0Guillier con 14% y por S\u00e1nchez, con 6%.<\/p>\n<p>Por su parte, la presidenta Bachelet mantiene su ascenso desde febrero. Trepa 2 puntos en aprobaci\u00f3n en julio y alcanza los 32 puntos porcentuales, mientras que su desaprobaci\u00f3n queda en 64%.<\/p>\n<h6>Fuente: Los Andes<\/h6>\n","protected":false},"excerpt":{"rendered":"<p>Por su parte, la presidenta Bachelet mantiene su ascenso desde febrero.<\/p>\n","protected":false},"author":2,"featured_media":66156,"comment_status":"closed","ping_status":"closed","sticky":false,"template":"","format":"standard","meta":{"footnotes":""},"categories":[22],"tags":[57],"class_list":["post-66155","post","type-post","status-publish","format-standard","has-post-thumbnail","hentry","category-el-mundo","tag-el-mundo"],"_links":{"self":[{"href":"http:\/\/argentinamunicipal.com.ar\/argentina\/wp-json\/wp\/v2\/posts\/66155","targetHints":{"allow":["GET"]}}],"collection":[{"href":"http:\/\/argentinamunicipal.com.ar\/argentina\/wp-json\/wp\/v2\/posts"}],"about":[{"href":"http:\/\/argentinamunicipal.com.ar\/argentina\/wp-json\/wp\/v2\/types\/post"}],"author":[{"embeddable":true,"href":"http:\/\/argentinamunicipal.com.ar\/argentina\/wp-json\/wp\/v2\/users\/2"}],"replies":[{"embeddable":true,"href":"http:\/\/argentinamunicipal.com.ar\/argentina\/wp-json\/wp\/v2\/comments?post=66155"}],"version-history":[{"count":0,"href":"http:\/\/argentinamunicipal.com.ar\/argentina\/wp-json\/wp\/v2\/posts\/66155\/revisions"}],"wp:featuredmedia":[{"embeddable":true,"href":"http:\/\/argentinamunicipal.com.ar\/argentina\/wp-json\/wp\/v2\/media\/66156"}],"wp:attachment":[{"href":"http:\/\/argentinamunicipal.com.ar\/argentina\/wp-json\/wp\/v2\/media?parent=66155"}],"wp:term":[{"taxonomy":"category","embeddable":true,"href":"http:\/\/argentinamunicipal.com.ar\/argentina\/wp-json\/wp\/v2\/categories?post=66155"},{"taxonomy":"post_tag","embeddable":true,"href":"http:\/\/argentinamunicipal.com.ar\/argentina\/wp-json\/wp\/v2\/tags?post=66155"}],"curies":[{"name":"wp","href":"https:\/\/api.w.org\/{rel}","templated":true}]}}