{"id":66158,"date":"2017-08-03T08:10:32","date_gmt":"2017-08-03T11:10:32","guid":{"rendered":"http:\/\/argentinamunicipal.com.ar\/argentina\/?p=66158"},"modified":"2017-08-03T08:10:32","modified_gmt":"2017-08-03T11:10:32","slug":"mendoza-sancionara-partidos-vandalicen-espacio-publico","status":"publish","type":"post","link":"http:\/\/argentinamunicipal.com.ar\/argentina\/mendoza-sancionara-partidos-vandalicen-espacio-publico\/","title":{"rendered":"Mendoza\u00a0sancionar\u00e1 a partidos que vandalicen el espacio p\u00fablico"},"content":{"rendered":"<p>No podr\u00e1n realizar pegatinas, grafitis, pancartas y cualquier soporte gr\u00e1fico que afecte la v\u00eda p\u00fablica. Quienes no lo respeten recibir\u00e1n las sanciones pertinentes.<\/p>\n<p>La Municipalidad de la Ciudad de Mendoza, teniendo en cuenta las pr\u00f3ximas elecciones del 13 de agosto y 22 de octubre, solicit\u00f3 a las agrupaciones pol\u00edticas que preserven el espacio p\u00fablico. De esta forma, no podr\u00e1n realizar pegatinas, grafitis, pancartas y cualquier otro soporte gr\u00e1fico que afecte a postes, \u00e1rboles, gabinetes, y dem\u00e1s elementos de la v\u00eda p\u00fablica.<\/p>\n<p>El pedido se encuadra en las normativas que rigen en el C\u00f3digo de Faltas y la Ordenanza de Convivencia, los cuales penan este tipo de acciones. A quienes, no obstante esta advertencia, deterioren el espacio de todos, se les aplicar\u00e1 las sanciones correspondientes.<\/p>\n<p><strong>C\u00f3digo de Convivencia<\/strong><br \/>\nEl C\u00f3digo de Convivencia de la Ciudad establece claramente que no se pueden realizar estas acciones:<\/p>\n<p>Art\u00edculo 21\u00ba: Normas de conducta.<\/p>\n<p>Est\u00e1 prohibido realizar todo tipo de grafito, pintada, mancha, garabato, escrito, inscripci\u00f3n o grafismo, con cualquier materia (tinta, pintura, materia org\u00e1nica, o similares) o bien rayando la superficie, sobre cualquier elemento del espacio p\u00fablico, as\u00ed como en el interior o el exterior de equipamientos, infraestructuras o elementos de un servicio p\u00fablico e instalaciones en general, equipamientos, mobiliario urbano, \u00e1rboles, jardines y v\u00edas p\u00fablicas en general. Quedan excluidos los murales art\u00edsticos que se realicen con autorizaci\u00f3n del propietario y municipal en su caso, y con previa comunicaci\u00f3n a la autoridad municipal.<\/p>\n<h6>Fuente: MDZ Online<\/h6>\n","protected":false},"excerpt":{"rendered":"<p>No podr\u00e1n realizar pegatinas, grafitis, pancartas y cualquier soporte gr\u00e1fico que afecte la v\u00eda p\u00fablica. Quienes no lo respeten recibir\u00e1n las sanciones pertinentes.<\/p>\n","protected":false},"author":2,"featured_media":66159,"comment_status":"closed","ping_status":"closed","sticky":false,"template":"","format":"standard","meta":{"footnotes":""},"categories":[2],"tags":[31],"class_list":["post-66158","post","type-post","status-publish","format-standard","has-post-thumbnail","hentry","category-informe-municipal","tag-mendoza"],"_links":{"self":[{"href":"http:\/\/argentinamunicipal.com.ar\/argentina\/wp-json\/wp\/v2\/posts\/66158","targetHints":{"allow":["GET"]}}],"collection":[{"href":"http:\/\/argentinamunicipal.com.ar\/argentina\/wp-json\/wp\/v2\/posts"}],"about":[{"href":"http:\/\/argentinamunicipal.com.ar\/argentina\/wp-json\/wp\/v2\/types\/post"}],"author":[{"embeddable":true,"href":"http:\/\/argentinamunicipal.com.ar\/argentina\/wp-json\/wp\/v2\/users\/2"}],"replies":[{"embeddable":true,"href":"http:\/\/argentinamunicipal.com.ar\/argentina\/wp-json\/wp\/v2\/comments?post=66158"}],"version-history":[{"count":0,"href":"http:\/\/argentinamunicipal.com.ar\/argentina\/wp-json\/wp\/v2\/posts\/66158\/revisions"}],"wp:featuredmedia":[{"embeddable":true,"href":"http:\/\/argentinamunicipal.com.ar\/argentina\/wp-json\/wp\/v2\/media\/66159"}],"wp:attachment":[{"href":"http:\/\/argentinamunicipal.com.ar\/argentina\/wp-json\/wp\/v2\/media?parent=66158"}],"wp:term":[{"taxonomy":"category","embeddable":true,"href":"http:\/\/argentinamunicipal.com.ar\/argentina\/wp-json\/wp\/v2\/categories?post=66158"},{"taxonomy":"post_tag","embeddable":true,"href":"http:\/\/argentinamunicipal.com.ar\/argentina\/wp-json\/wp\/v2\/tags?post=66158"}],"curies":[{"name":"wp","href":"https:\/\/api.w.org\/{rel}","templated":true}]}}