{"id":66161,"date":"2017-08-03T06:11:50","date_gmt":"2017-08-03T09:11:50","guid":{"rendered":"http:\/\/argentinamunicipal.com.ar\/argentina\/?p=66161"},"modified":"2017-08-03T08:14:57","modified_gmt":"2017-08-03T11:14:57","slug":"polemica-piden-quitar-una-estatua-del-che-guevara-rosario","status":"publish","type":"post","link":"http:\/\/argentinamunicipal.com.ar\/argentina\/polemica-piden-quitar-una-estatua-del-che-guevara-rosario\/","title":{"rendered":"Pol\u00e9mica: piden quitar una estatua del Che Guevara en Rosario"},"content":{"rendered":"<p>Una fundaci\u00f3n inici\u00f3 la campa\u00f1a para hacer el pedido formal al gobierno de esa localidad. Lo consideran \u201cun asesino que no merece homenajes\u201d.<\/p>\n<p>La Fundaci\u00f3n Bases inici\u00f3 una campa\u00f1a en internet para pedir al gobierno municipal de Rosario la remoci\u00f3n del monumento levantado en la ciudad al Che Guevara, al considerar al ic\u00f3nico revolucionario argentino-cubano como \u201cun asesino que no merece homenajes\u201d.<\/p>\n<p>La estatua del m\u00e9dico y uno de los comandantes de la Revoluci\u00f3n cubana de 1959, muerto en Bolivia en 1967, est\u00e1 instalada en el Parque Yrigoyen de Rosario, ciudad natal de Ernesto Guevara.<\/p>\n<p>\u201cEl legado asesino del comunismo y esta figura no merecen homenajes estatales de corte partidario-ideol\u00f3gico financiados con los impuestos de todos los ciudadanos\u201d, expres\u00f3 la Fundaci\u00f3n Bases en el petitorio con el que busca recolectar firmas para la remoci\u00f3n del monumento.<\/p>\n<p>Franco L\u00f3pez, director ejecutivo de la Fundaci\u00f3n Bases, vinculada a la fundaci\u00f3n liberal alemana Naumann, dijo que \u201chay una cuesti\u00f3n moral que tiene que ver con el legado del Che Guevara, que est\u00e1 puesto como una figura m\u00edtica, una versi\u00f3n muy desinformada, ya que ten\u00eda una trayectoria asesina, durante y despu\u00e9s de la revoluci\u00f3n\u201d.<\/p>\n<p>L\u00f3pez agreg\u00f3 que el Che Guevara fue \u201cresponsable del fusilamiento de muchas personas, que no se hicieron en combate ni bajo ninguna norma de guerra, sino como directas ejecuciones de disidentes pol\u00edticos\u201d, indicando adem\u00e1s que tuvo a cargo \u201ccampos de concentraci\u00f3n para opositores pol\u00edticos en Cuba, incluso para los homosexuales, hacia quienes tenia una animosidad muy profunda\u201d.<\/p>\n<p>El directivo dijo adem\u00e1s que cuando se acerque la fecha en la que se conmemorar\u00e1 el 50 aniversario de la muerte del Che, el pr\u00f3ximo 9 de octubre, la Fundaci\u00f3n Bases har\u00e1 una presentaci\u00f3n formal ante el Concejo Municipal de Rosario para sacar al monumento de donde fue emplazado.<\/p>\n<p>Consultado por T\u00e9lam sobre la propuesta, el medio hermano del Che, Ramiro Guevara, se excus\u00f3 de opinar, asegurando que \u201cme parece que es toda una movida medi\u00e1tica, es evidente que hay una jugada de la cual no quiero ser part\u00edcipe\u201d.<\/p>\n<p>El llamado Monumento al Che, instalado en el 2008, es la primera estatua de bronce de Ernesto Guevara levantada en Argentina, seg\u00fan informaci\u00f3n de la Municipalidad de Rosario.<\/p>\n<p>Fue erigido durante las conmemoraciones de los 80 a\u00f1os del natalicio del Che y en el acto de inauguraci\u00f3n estuvo presente su hija Aleida Guevara March.<\/p>\n<p>La escultura, de cuatro metros de altura y 1,5 tonelada de peso, es obra del artista pl\u00e1stico argentino Andr\u00e9s Zerneri, quien utilizo como material el bronce de la fundici\u00f3n de 75.000 llaves de donadas por m\u00e1s de miles de personas de todo el mundo.<\/p>\n<h6>Fuente: R\u00edo Negro<\/h6>\n","protected":false},"excerpt":{"rendered":"<p>Una fundaci\u00f3n inici\u00f3 la campa\u00f1a para hacer el pedido formal al gobierno de esa localidad. Lo consideran \u201cun asesino que no merece homenajes\u201d.<\/p>\n","protected":false},"author":2,"featured_media":66162,"comment_status":"closed","ping_status":"closed","sticky":false,"template":"","format":"standard","meta":{"footnotes":""},"categories":[2],"tags":[10],"class_list":["post-66161","post","type-post","status-publish","format-standard","has-post-thumbnail","hentry","category-informe-municipal","tag-santa-fe"],"_links":{"self":[{"href":"http:\/\/argentinamunicipal.com.ar\/argentina\/wp-json\/wp\/v2\/posts\/66161","targetHints":{"allow":["GET"]}}],"collection":[{"href":"http:\/\/argentinamunicipal.com.ar\/argentina\/wp-json\/wp\/v2\/posts"}],"about":[{"href":"http:\/\/argentinamunicipal.com.ar\/argentina\/wp-json\/wp\/v2\/types\/post"}],"author":[{"embeddable":true,"href":"http:\/\/argentinamunicipal.com.ar\/argentina\/wp-json\/wp\/v2\/users\/2"}],"replies":[{"embeddable":true,"href":"http:\/\/argentinamunicipal.com.ar\/argentina\/wp-json\/wp\/v2\/comments?post=66161"}],"version-history":[{"count":0,"href":"http:\/\/argentinamunicipal.com.ar\/argentina\/wp-json\/wp\/v2\/posts\/66161\/revisions"}],"wp:featuredmedia":[{"embeddable":true,"href":"http:\/\/argentinamunicipal.com.ar\/argentina\/wp-json\/wp\/v2\/media\/66162"}],"wp:attachment":[{"href":"http:\/\/argentinamunicipal.com.ar\/argentina\/wp-json\/wp\/v2\/media?parent=66161"}],"wp:term":[{"taxonomy":"category","embeddable":true,"href":"http:\/\/argentinamunicipal.com.ar\/argentina\/wp-json\/wp\/v2\/categories?post=66161"},{"taxonomy":"post_tag","embeddable":true,"href":"http:\/\/argentinamunicipal.com.ar\/argentina\/wp-json\/wp\/v2\/tags?post=66161"}],"curies":[{"name":"wp","href":"https:\/\/api.w.org\/{rel}","templated":true}]}}