{"id":66167,"date":"2017-08-03T08:24:07","date_gmt":"2017-08-03T11:24:07","guid":{"rendered":"http:\/\/argentinamunicipal.com.ar\/argentina\/?p=66167"},"modified":"2017-08-03T08:24:07","modified_gmt":"2017-08-03T11:24:07","slug":"preocupacion-cierre-pymes-rio-negro","status":"publish","type":"post","link":"http:\/\/argentinamunicipal.com.ar\/argentina\/preocupacion-cierre-pymes-rio-negro\/","title":{"rendered":"Preocupaci\u00f3n por el cierre de pymes en R\u00edo Negro"},"content":{"rendered":"<p>La pre candidata a diputada nacional por la CC-ARI, Magdalena Odarda, expres\u00f3 su preocupaci\u00f3n por la cantidad de PyMEs que est\u00e1n cerrando sus puertas por la baja del consumo, el tarifazo y la apertura de las importaciones.<\/p>\n<p>\u201cEn el \u00faltimo a\u00f1o y medio se fundieron m\u00e1s de 3 mil PyMEs en nuestro pa\u00eds, y ello tambi\u00e9n se ve en las distintas ciudades de R\u00edo Negro\u201d, explic\u00f3 Odarda, quien en diferentes ocasiones mantuvo reuniones con las C\u00e1maras de comercio de localidades como Fernandez Oro, Cipolletti, Roca y Viedma entre otras.<\/p>\n<p>La senadora record\u00f3 que en las elecciones del 13 de agosto se eligen dos diputados nacionales para representar al pueblo de R\u00edo Negro, y que \u201cla mejor opci\u00f3n es elegir a quienes han demostrado a lo largo de toda su vida la defensa de las PyMEs y comercios\u201d.<\/p>\n<p>\u201cHemos participado de la audiencia p\u00fablica por la tarifa del gas, exigiendo una tarifa especial para la Patagonia, y llevamos esta iniciativa concreta al Congreso. Nuestras PyMEs, nuestras chacras necesitan tarifas especiales que permitan sostener la actividad y el empleo\u201d, destac\u00f3.<\/p>\n<p>Por \u00faltimo, Odarda ratific\u00f3 su apoyo y acompa\u00f1amiento a \u201ctodos los que apuestan por producir y comerciar responsablemente en la provincia, generando empleo y cuidando el ambiente\u201d.<\/p>\n<p>\u201cHemos acompa\u00f1ado siempre a la Federaci\u00f3n de productores de peras y manzanas y hemos sido los \u00fanicos que -en noviembre pasado- reclamamos se vote el proyecto de ley para reducir las comisiones que quedan los bancos por el cobro con tarjeta. Lamentablemente, ni el gobierno anterior ni el actual se han animado a avanzar con ello. Me comprometo a seguir impulsando en el Congreso todas las mismas iniciativas que elaboramos en conjunto con los productores frut\u00edcolas y las c\u00e1maras de comercio\u201d, concluy\u00f3 Odarda.<\/p>\n<h6>Fuente: ADN<\/h6>\n","protected":false},"excerpt":{"rendered":"<p>La pre candidata a diputada nacional por la CC-ARI, Magdalena Odarda, expres\u00f3 su preocupaci\u00f3n por la cantidad de PyMEs que est\u00e1n cerrando sus puertas por la baja del consumo, el tarifazo y la apertura de las importaciones.<\/p>\n","protected":false},"author":2,"featured_media":66168,"comment_status":"closed","ping_status":"closed","sticky":false,"template":"","format":"standard","meta":{"footnotes":""},"categories":[65],"tags":[11],"class_list":["post-66167","post","type-post","status-publish","format-standard","has-post-thumbnail","hentry","category-provincias","tag-rio-negro"],"_links":{"self":[{"href":"http:\/\/argentinamunicipal.com.ar\/argentina\/wp-json\/wp\/v2\/posts\/66167","targetHints":{"allow":["GET"]}}],"collection":[{"href":"http:\/\/argentinamunicipal.com.ar\/argentina\/wp-json\/wp\/v2\/posts"}],"about":[{"href":"http:\/\/argentinamunicipal.com.ar\/argentina\/wp-json\/wp\/v2\/types\/post"}],"author":[{"embeddable":true,"href":"http:\/\/argentinamunicipal.com.ar\/argentina\/wp-json\/wp\/v2\/users\/2"}],"replies":[{"embeddable":true,"href":"http:\/\/argentinamunicipal.com.ar\/argentina\/wp-json\/wp\/v2\/comments?post=66167"}],"version-history":[{"count":0,"href":"http:\/\/argentinamunicipal.com.ar\/argentina\/wp-json\/wp\/v2\/posts\/66167\/revisions"}],"wp:featuredmedia":[{"embeddable":true,"href":"http:\/\/argentinamunicipal.com.ar\/argentina\/wp-json\/wp\/v2\/media\/66168"}],"wp:attachment":[{"href":"http:\/\/argentinamunicipal.com.ar\/argentina\/wp-json\/wp\/v2\/media?parent=66167"}],"wp:term":[{"taxonomy":"category","embeddable":true,"href":"http:\/\/argentinamunicipal.com.ar\/argentina\/wp-json\/wp\/v2\/categories?post=66167"},{"taxonomy":"post_tag","embeddable":true,"href":"http:\/\/argentinamunicipal.com.ar\/argentina\/wp-json\/wp\/v2\/tags?post=66167"}],"curies":[{"name":"wp","href":"https:\/\/api.w.org\/{rel}","templated":true}]}}