{"id":66170,"date":"2017-08-03T05:28:25","date_gmt":"2017-08-03T08:28:25","guid":{"rendered":"http:\/\/argentinamunicipal.com.ar\/argentina\/?p=66170"},"modified":"2017-08-03T08:31:03","modified_gmt":"2017-08-03T11:31:03","slug":"bariloche-tendra-centro-municipal-formacion-trabajo","status":"publish","type":"post","link":"http:\/\/argentinamunicipal.com.ar\/argentina\/bariloche-tendra-centro-municipal-formacion-trabajo\/","title":{"rendered":"Bariloche tendr\u00e1 su Centro Municipal de Formaci\u00f3n para el Trabajo"},"content":{"rendered":"<p>Funcionar\u00e1 en las instalaciones de ATSA (Asociaci\u00f3n de Trabajadores de la Sanidad Argentina), a partir de un convenio firmado hoy por el intendente Gennuso y los referentes del gremio. All\u00ed se centralizar\u00e1n las acciones de capacitaci\u00f3n y formaci\u00f3n laboral del Municipio.<\/p>\n<p>Este mi\u00e9rcoles (2\/8) por la ma\u00f1ana, el intendente Gustavo Gennuso firm\u00f3 un convenio con Gloria Ovejero \u2014secretaria general adjunta de ATSA R\u00edo Negro\u2014 y Julio Costa Paz, subsecretario de Innovaci\u00f3n Productiva municipal, para que la comuna pueda unificar sus actividades actuales de formaci\u00f3n y capacitaci\u00f3n para el empleo en instalaciones del gremio, en Pasaje Guti\u00e9rrez al 800.<\/p>\n<p>\u201cEl Municipio necesitaba institucionalizar el Centro Municipal de Formaci\u00f3n para el Trabajo, y la mejor manera era tener una sede para sus actividades, que concentre a los alumnos y a los postulantes al empleo\u201d, remarc\u00f3 el jefe comunal.<\/p>\n<p>Gennuso agradeci\u00f3 al sindicato \u201cque r\u00e1pidamente se puso a disposici\u00f3n y en poco tiempo estamos concretando este sue\u00f1o\u201d. \u201cAmbos estamos bregando para que el empleo en Bariloche sea genuino, para que llegue a nuestros j\u00f3venes y a nuestros adultos, para que se puedan formar\u201d, celebr\u00f3 el intendente, y adelant\u00f3 que ya se est\u00e1 coordinando junto a la Direcci\u00f3n de Trabajo municipal y las \u00e1reas de Capacitaci\u00f3n de la comuna el inicio de las actividades en las instalaciones de ATSA.<\/p>\n<p>Por su parte, Gloria Ovejero remarc\u00f3 que \u201ccreemos firmemente que la capacitaci\u00f3n y la formaci\u00f3n son la mejor herramienta que le podemos brindar no solamente a nuestros representados sino a la comunidad toda, y una de las mejores maneras es abriendo las puertas de nuestra instituci\u00f3n, sinergizando en este caso con el Municipio, que siempre muy cordialmente nos abri\u00f3 las puertas tambi\u00e9n\u201d.<\/p>\n<p>\u201cEmpezamos una agenda de trabajo, y a partir de hoy comienza una acci\u00f3n en conjunto para elaborar propuestas formativas para todo el sector de Bariloche\u201d, destac\u00f3.<\/p>\n<h6>Fuente: El Cordillerano<\/h6>\n","protected":false},"excerpt":{"rendered":"<p>Funcionar\u00e1 en las instalaciones de ATSA (Asociaci\u00f3n de Trabajadores de la Sanidad Argentina), a partir de un convenio firmado hoy por el intendente Gennuso y los referentes del gremio. <\/p>\n","protected":false},"author":2,"featured_media":66171,"comment_status":"closed","ping_status":"closed","sticky":false,"template":"","format":"standard","meta":{"footnotes":""},"categories":[2],"tags":[11],"class_list":["post-66170","post","type-post","status-publish","format-standard","has-post-thumbnail","hentry","category-informe-municipal","tag-rio-negro"],"_links":{"self":[{"href":"http:\/\/argentinamunicipal.com.ar\/argentina\/wp-json\/wp\/v2\/posts\/66170","targetHints":{"allow":["GET"]}}],"collection":[{"href":"http:\/\/argentinamunicipal.com.ar\/argentina\/wp-json\/wp\/v2\/posts"}],"about":[{"href":"http:\/\/argentinamunicipal.com.ar\/argentina\/wp-json\/wp\/v2\/types\/post"}],"author":[{"embeddable":true,"href":"http:\/\/argentinamunicipal.com.ar\/argentina\/wp-json\/wp\/v2\/users\/2"}],"replies":[{"embeddable":true,"href":"http:\/\/argentinamunicipal.com.ar\/argentina\/wp-json\/wp\/v2\/comments?post=66170"}],"version-history":[{"count":0,"href":"http:\/\/argentinamunicipal.com.ar\/argentina\/wp-json\/wp\/v2\/posts\/66170\/revisions"}],"wp:featuredmedia":[{"embeddable":true,"href":"http:\/\/argentinamunicipal.com.ar\/argentina\/wp-json\/wp\/v2\/media\/66171"}],"wp:attachment":[{"href":"http:\/\/argentinamunicipal.com.ar\/argentina\/wp-json\/wp\/v2\/media?parent=66170"}],"wp:term":[{"taxonomy":"category","embeddable":true,"href":"http:\/\/argentinamunicipal.com.ar\/argentina\/wp-json\/wp\/v2\/categories?post=66170"},{"taxonomy":"post_tag","embeddable":true,"href":"http:\/\/argentinamunicipal.com.ar\/argentina\/wp-json\/wp\/v2\/tags?post=66170"}],"curies":[{"name":"wp","href":"https:\/\/api.w.org\/{rel}","templated":true}]}}