{"id":66186,"date":"2017-08-04T06:46:18","date_gmt":"2017-08-04T09:46:18","guid":{"rendered":"http:\/\/argentinamunicipal.com.ar\/argentina\/?p=66186"},"modified":"2017-08-04T06:46:18","modified_gmt":"2017-08-04T09:46:18","slug":"fondo-del-conurbano-gobernadores-del-pj-cerraron-filas-reclamo-vidal","status":"publish","type":"post","link":"http:\/\/argentinamunicipal.com.ar\/argentina\/fondo-del-conurbano-gobernadores-del-pj-cerraron-filas-reclamo-vidal\/","title":{"rendered":"Fondo del Conurbano: Gobernadores del PJ cerraron filas contra el reclamo de Vidal"},"content":{"rendered":"<p>Los mandatarios peronistas se reunieron este mediod\u00eda y confirmaron que pedir\u00e1n audiencia ante la Corte para frenar la actualizaci\u00f3n del Fondo del Conurbano, que reclama la gobernadora bonaerense. Advierten que el \u00e1rea metropolitana de Buenos Aires \u00abse sigue llevando m\u00e1s del 60% de los subsidios del transporte\u00bb.<\/p>\n<p>Despu\u00e9s de que la Corte Suprema de Justicia avanzara\u00a0en el reclamo de la gobernadora bonaerense, Mar\u00eda Eugenia Vidal, para recuperar la totalidad del fondo del conurbano; los gobernadores afectados y nucleados en el peronismo cerraron filas en contra de la postura de la mandataria y se reunieron para analizar la situaci\u00f3n.<\/p>\n<p>Tras el encuentro, los mandatarios peronistas emitieron un comunicado en el que manifestaron su preocupaci\u00f3n por la situaci\u00f3n de la Argentina y ratificaron su convicci\u00f3n \u00absobre la necesidad de generar los acuerdos y consensos que la Naci\u00f3n profunda demanda, en el camino de garantizar la gobernabilidad\u00bb.<\/p>\n<p>\u201cVemos con preocupaci\u00f3n que el Gobierno no avanza en una agenda de desarrollo que contemple las complejas realidades de nuestras provincias\u00bb, expresaron y advirtieron que \u00abel \u00e1rea metropolitana de Buenos Aires se sigue llevando m\u00e1s del 60% de los subsidios del transporte\u00bb.<\/p>\n<p>\u00abQueremos que al Gobierno del presidente Macri le vaya bien\u00bb, expresaron, \u00abpero no podemos dejar de se\u00f1alar que las pol\u00edticas en marcha ponen en riesgo los derechos adquiridos por el pueblo argentino\u00bb, agregaron.<\/p>\n<p>\u201cQueremos advertir sobre las pol\u00edticas econ\u00f3micas que se est\u00e1n ejecutando a nivel nacional, que amenazan con generar una nueva crisis, y que como siempre ha sucedido, la sufren los que menos tienen\u201d, afirmaron los gobernadores del PJ.<\/p>\n<p>\u00abHoy las tarifas de servicios p\u00fablicos que paga nuestra poblaci\u00f3n son mucho m\u00e1s altas que en el \u00c1rea Metropolitana\u00bb, se\u00f1alaron a trav\u00e9s del comunicado y expresaron preocupaci\u00f3n por \u00abuna concentraci\u00f3n de la obra p\u00fablica nacional en las cercan\u00edas al puerto de Buenos Aires, lo cual profundizar\u00e1 las brechas de competitividad\u00bb.<\/p>\n<p><strong>\u00bfQu\u00e9 es el Fondo del Conurbano?\u00a0<\/strong><br \/>\nEl fondo fue creado en 1992 para compensar la coparticipaci\u00f3n que Buenos Aires hab\u00eda cedido en los 80. Se nutre del 10% de la recaudaci\u00f3n del impuesto a las ganancias, pero en 1996 se fij\u00f3 un tope para la provincia de 650 millones de pesos (d\u00f3lares).<\/p>\n<p>El sobrante, entonces marginal, se empez\u00f3 a repartir a las dem\u00e1s provincias menos la Capital. Devaluaciones mediante, la recaudaci\u00f3n de Ganancias creci\u00f3 y, con ella, el Fondo del Conurbano. En 2016, por caso, super\u00f3 los $ 42.000 millones. Buenos Aires se qued\u00f3 con menos del 2%.<\/p>\n<h6>Fuente: InfoCielo<\/h6>\n","protected":false},"excerpt":{"rendered":"<p>Los mandatarios peronistas se reunieron este mediod\u00eda y confirmaron que pedir\u00e1n audiencia ante la Corte para frenar la actualizaci\u00f3n del Fondo del Conurbano, que reclama la gobernadora bonaerense. <\/p>\n","protected":false},"author":2,"featured_media":66187,"comment_status":"closed","ping_status":"closed","sticky":false,"template":"","format":"standard","meta":{"footnotes":""},"categories":[8],"tags":[21],"class_list":["post-66186","post","type-post","status-publish","format-standard","has-post-thumbnail","hentry","category-informe-nacional","tag-argentina"],"_links":{"self":[{"href":"http:\/\/argentinamunicipal.com.ar\/argentina\/wp-json\/wp\/v2\/posts\/66186","targetHints":{"allow":["GET"]}}],"collection":[{"href":"http:\/\/argentinamunicipal.com.ar\/argentina\/wp-json\/wp\/v2\/posts"}],"about":[{"href":"http:\/\/argentinamunicipal.com.ar\/argentina\/wp-json\/wp\/v2\/types\/post"}],"author":[{"embeddable":true,"href":"http:\/\/argentinamunicipal.com.ar\/argentina\/wp-json\/wp\/v2\/users\/2"}],"replies":[{"embeddable":true,"href":"http:\/\/argentinamunicipal.com.ar\/argentina\/wp-json\/wp\/v2\/comments?post=66186"}],"version-history":[{"count":0,"href":"http:\/\/argentinamunicipal.com.ar\/argentina\/wp-json\/wp\/v2\/posts\/66186\/revisions"}],"wp:featuredmedia":[{"embeddable":true,"href":"http:\/\/argentinamunicipal.com.ar\/argentina\/wp-json\/wp\/v2\/media\/66187"}],"wp:attachment":[{"href":"http:\/\/argentinamunicipal.com.ar\/argentina\/wp-json\/wp\/v2\/media?parent=66186"}],"wp:term":[{"taxonomy":"category","embeddable":true,"href":"http:\/\/argentinamunicipal.com.ar\/argentina\/wp-json\/wp\/v2\/categories?post=66186"},{"taxonomy":"post_tag","embeddable":true,"href":"http:\/\/argentinamunicipal.com.ar\/argentina\/wp-json\/wp\/v2\/tags?post=66186"}],"curies":[{"name":"wp","href":"https:\/\/api.w.org\/{rel}","templated":true}]}}