{"id":66192,"date":"2017-08-04T06:57:09","date_gmt":"2017-08-04T09:57:09","guid":{"rendered":"http:\/\/argentinamunicipal.com.ar\/argentina\/?p=66192"},"modified":"2017-08-04T06:57:09","modified_gmt":"2017-08-04T09:57:09","slug":"mar-del-plata-presentan-comunicacion-concejo-los-recortes-horas-extras-educacion","status":"publish","type":"post","link":"http:\/\/argentinamunicipal.com.ar\/argentina\/mar-del-plata-presentan-comunicacion-concejo-los-recortes-horas-extras-educacion\/","title":{"rendered":"Mar del Plata: Presentan comunicaci\u00f3n en el Concejo por los recortes de horas extras en Educaci\u00f3n"},"content":{"rendered":"<p>Marina Santoro llev\u00f3 la preocupaci\u00f3n de la comunidad escolar municipal al Concejo Deliberante.<\/p>\n<p>La concejal Marina Santoro present\u00f3 ayer un proyecto de comunicaci\u00f3n expresando preocupaci\u00f3n del cuerpo ante la medida de suspensi\u00f3n de horas extras que inform\u00f3 la Secretar\u00eda de Educaci\u00f3n a las escuelas municipales.<\/p>\n<p>Por medio del proyecto, se solicita a la secretaria de Educaci\u00f3n del partido de General Pueyrredon que informe: a) El motivo por el cual se tom\u00f3 esta medida. b) Los establecimientos que por esta medida fueron afectados en su correcto funcionamiento. c) En el caso de los establecimientos que se vean afectados por la medida, c\u00f3mo ser\u00e1 resuelto.<\/p>\n<p>La iniciativa surgi\u00f3 despu\u00e9s de que se conociera la decisi\u00f3n de la secretaria de Educaci\u00f3n municipal, Ana Mar\u00eda Crovetto, de suspender el otorgamiento de horas extras \u201cpor razones estrictamente presupuestarias\u201d. En este marco la secundaria municipal 205 inform\u00f3 que deb\u00eda suspender las clases en ambos turnos ya que que no cuentan con personal auxiliar que lleve adelante la limpieza del establecimiento.<\/p>\n<p>Entre los considerandos la concejal dijo que la medida alcanza alrededor de 70 establecimientos municipales en todos sus niveles, jardines, escuelas primarias, escuelas secundarias y centros de formaci\u00f3n profesional en la ciudad de Mar del Plata. Y que afecta \u201cen gran manera el normal funcionamiento y desarrollo de actividades en algunos establecimientos municipales que actualmente no cuentan con auxiliar por diversos motivos\u201d.<\/p>\n<p>Vale recordar que la noticia fue dada a conocer por LA CAPITAL este jueves, y se relaciona con el trabajo de los auxiliares que se encargan de realizar tareas de higiene y mantenimiento en aulas, pasillos, ba\u00f1os y preparar la merienda para el total de la matr\u00edcula de alumnos que asisten a los establecimientos.<\/p>\n<p>Para Santoro es \u201cimprescindible que el ciclo lectivo 2017 no se vea afectado por ning\u00fan inconveniente para finalizarlo en tiempo y forma sabiendo que la educaci\u00f3n es la formaci\u00f3n destinada a desarrollar la capacidad intelectual, moral y afectiva de las personas de acuerdo con la cultura y las normas de convivencia de la sociedad a la que pertenecen\u201d. Asimismo entendi\u00f3 que \u201cla educaci\u00f3n es un derecho constitucional que poseen los ni\u00f1os, ni\u00f1as y adolescentes y es deber del Estado garantizar que se cumplan de la manera m\u00e1s efectiva\u201d.<\/p>\n<p>La concejal dijo que \u201cmuchos de los establecimientos p\u00fablicos educativos de la ciudad de Mar del Plata presentan severos problemas edilicios que implican construcciones sin terminar, techos rotos, falta de calefacci\u00f3n, falta de agua, gas y otro servicios\u201d. Y agreg\u00f3: \u201cLos estudiantes creen y sienten un vac\u00edo por parte del estado en la gesti\u00f3n estatal de la educaci\u00f3n en la ciudad\u201d.<\/p>\n<h6>Fuente: La capital Mar del Plata<\/h6>\n","protected":false},"excerpt":{"rendered":"<p>Marina Santoro llev\u00f3 la preocupaci\u00f3n de la comunidad escolar municipal al Concejo Deliberante.<\/p>\n","protected":false},"author":2,"featured_media":66193,"comment_status":"closed","ping_status":"closed","sticky":false,"template":"","format":"standard","meta":{"footnotes":""},"categories":[2],"tags":[12],"class_list":["post-66192","post","type-post","status-publish","format-standard","has-post-thumbnail","hentry","category-informe-municipal","tag-buenos-aires"],"_links":{"self":[{"href":"http:\/\/argentinamunicipal.com.ar\/argentina\/wp-json\/wp\/v2\/posts\/66192","targetHints":{"allow":["GET"]}}],"collection":[{"href":"http:\/\/argentinamunicipal.com.ar\/argentina\/wp-json\/wp\/v2\/posts"}],"about":[{"href":"http:\/\/argentinamunicipal.com.ar\/argentina\/wp-json\/wp\/v2\/types\/post"}],"author":[{"embeddable":true,"href":"http:\/\/argentinamunicipal.com.ar\/argentina\/wp-json\/wp\/v2\/users\/2"}],"replies":[{"embeddable":true,"href":"http:\/\/argentinamunicipal.com.ar\/argentina\/wp-json\/wp\/v2\/comments?post=66192"}],"version-history":[{"count":0,"href":"http:\/\/argentinamunicipal.com.ar\/argentina\/wp-json\/wp\/v2\/posts\/66192\/revisions"}],"wp:featuredmedia":[{"embeddable":true,"href":"http:\/\/argentinamunicipal.com.ar\/argentina\/wp-json\/wp\/v2\/media\/66193"}],"wp:attachment":[{"href":"http:\/\/argentinamunicipal.com.ar\/argentina\/wp-json\/wp\/v2\/media?parent=66192"}],"wp:term":[{"taxonomy":"category","embeddable":true,"href":"http:\/\/argentinamunicipal.com.ar\/argentina\/wp-json\/wp\/v2\/categories?post=66192"},{"taxonomy":"post_tag","embeddable":true,"href":"http:\/\/argentinamunicipal.com.ar\/argentina\/wp-json\/wp\/v2\/tags?post=66192"}],"curies":[{"name":"wp","href":"https:\/\/api.w.org\/{rel}","templated":true}]}}