{"id":66195,"date":"2017-08-04T07:01:27","date_gmt":"2017-08-04T10:01:27","guid":{"rendered":"http:\/\/argentinamunicipal.com.ar\/argentina\/?p=66195"},"modified":"2017-08-04T07:01:27","modified_gmt":"2017-08-04T10:01:27","slug":"quieren-la-caja-los-jubilados","status":"publish","type":"post","link":"http:\/\/argentinamunicipal.com.ar\/argentina\/quieren-la-caja-los-jubilados\/","title":{"rendered":"\u201cQuieren la caja de los jubilados\u201d"},"content":{"rendered":"<p>La ex presidenta visit\u00f3 un centro de jubilados en Lomas de Zamora junto a Mart\u00edn Insaurralde y alert\u00f3 sobre las versiones.<\/p>\n<p>La gira de Cristina Fern\u00e1ndez de Kirchner por la provincia de Buenos Aires la llev\u00f3 ayer a Lomas de Zamora, donde visit\u00f3 un centro de jubilados junto al intendente local Mart\u00edn Insaurralde. All\u00ed, insisti\u00f3 con su advertencia acerca del contenido de la reforma previsional que promueve el gobierno para despu\u00e9s de las elecciones y volvi\u00f3 a cuestionar la suba de tarifas. \u201cLo que a m\u00ed me preocupa es que, frente a esta ca\u00edda del consumo y la recaudaci\u00f3n, quieran manotear la caja de los jubilados\u201d, alert\u00f3 la ex presidenta ahora candidata a senadora nacional.<\/p>\n<p>\u201cPreocupa que achiquen la torta de los jubilados, que recorten los ingresos de ese fondo; lo que est\u00e1n haciendo es dando un manotazo a la caja de los jubilados y esto va a impactar muy negativamente tambi\u00e9n en el consumo. Yo siempre digo que la plata de los jubilados y pensionados es plata que vuelve inmediatamente al circuito por recaudaci\u00f3n para el propio Estado\u201d, asegur\u00f3 la ex presidenta, que utiliz\u00f3 las redes sociales para informar sobre el encuentro.<\/p>\n<p>\u201cAhora est\u00e1n hablando de una nueva reforma previsional y en realidad lo que se est\u00e1 midiendo es un recorte a los jubilados\u201d, agreg\u00f3. \u201cEl fondo de las jubilaciones viene del 43 por ciento de lo que aportan todos los trabajadores en actividad y el 57 por ciento de lo que se recauda por Ganancias, impuesto al combustible e IVA, que tambi\u00e9n pagan ustedes. Ahora quieren que el impuesto a los combustibles, IVA y Ganancias ya no integren el fondo. Con lo cual, lo que hacen es achicar la torta\u201d, explic\u00f3 la ex mandataria.<\/p>\n<p>Sentada en una suerte de semic\u00edrculo, Cristina particip\u00f3 de esta nueva actividad de campa\u00f1a conversando con jubilados y jubiladas que participan de las distintas actividades que organiza el Centro \u201cDame mi mano\u201d, de Lomas de Zamora. En respuesta, ellos le contaron que tienen cortado el servicio de gas por \u201cno poder pagar la factura\u201d. Mar\u00eda, presidenta de la organizaci\u00f3n, detall\u00f3 que le lleg\u00f3 una boleta del gas de 15 mil pesos.<\/p>\n<p>\u201cY cuando venga la luz les van a cortar todo \u2013respondi\u00f3 Cristina Kirchner cuando le relataron que ante la falta de gas estaban calefaccionando las instalaciones del centro de jubilados con estufas el\u00e9ctricas\u2013. Pero no. No vamos a cortar todo. Vamos a cortar de una buena vez c\u00f3mo se corta en democracia cuando no estamos de acuerdo con las cosas\u201d. Por eso, la ex presidenta les record\u00f3 a jubilados y jubiladas que es \u201ca trav\u00e9s de su voto\u201d que \u201ctambi\u00e9n ponen su voz\u201d.<\/p>\n<h6>Fuente: P\u00e1gina 12<\/h6>\n","protected":false},"excerpt":{"rendered":"<p>La ex presidenta visit\u00f3 un centro de jubilados en Lomas de Zamora junto a Mart\u00edn Insaurralde y alert\u00f3 sobre las versiones.<\/p>\n","protected":false},"author":2,"featured_media":66196,"comment_status":"closed","ping_status":"closed","sticky":false,"template":"","format":"standard","meta":{"footnotes":""},"categories":[8],"tags":[21],"class_list":["post-66195","post","type-post","status-publish","format-standard","has-post-thumbnail","hentry","category-informe-nacional","tag-argentina"],"_links":{"self":[{"href":"http:\/\/argentinamunicipal.com.ar\/argentina\/wp-json\/wp\/v2\/posts\/66195","targetHints":{"allow":["GET"]}}],"collection":[{"href":"http:\/\/argentinamunicipal.com.ar\/argentina\/wp-json\/wp\/v2\/posts"}],"about":[{"href":"http:\/\/argentinamunicipal.com.ar\/argentina\/wp-json\/wp\/v2\/types\/post"}],"author":[{"embeddable":true,"href":"http:\/\/argentinamunicipal.com.ar\/argentina\/wp-json\/wp\/v2\/users\/2"}],"replies":[{"embeddable":true,"href":"http:\/\/argentinamunicipal.com.ar\/argentina\/wp-json\/wp\/v2\/comments?post=66195"}],"version-history":[{"count":0,"href":"http:\/\/argentinamunicipal.com.ar\/argentina\/wp-json\/wp\/v2\/posts\/66195\/revisions"}],"wp:featuredmedia":[{"embeddable":true,"href":"http:\/\/argentinamunicipal.com.ar\/argentina\/wp-json\/wp\/v2\/media\/66196"}],"wp:attachment":[{"href":"http:\/\/argentinamunicipal.com.ar\/argentina\/wp-json\/wp\/v2\/media?parent=66195"}],"wp:term":[{"taxonomy":"category","embeddable":true,"href":"http:\/\/argentinamunicipal.com.ar\/argentina\/wp-json\/wp\/v2\/categories?post=66195"},{"taxonomy":"post_tag","embeddable":true,"href":"http:\/\/argentinamunicipal.com.ar\/argentina\/wp-json\/wp\/v2\/tags?post=66195"}],"curies":[{"name":"wp","href":"https:\/\/api.w.org\/{rel}","templated":true}]}}