{"id":66198,"date":"2017-08-04T06:02:38","date_gmt":"2017-08-04T09:02:38","guid":{"rendered":"http:\/\/argentinamunicipal.com.ar\/argentina\/?p=66198"},"modified":"2017-08-04T07:06:25","modified_gmt":"2017-08-04T10:06:25","slug":"ciudad-buenos-aires-pobreza-no-registrada","status":"publish","type":"post","link":"http:\/\/argentinamunicipal.com.ar\/argentina\/ciudad-buenos-aires-pobreza-no-registrada\/","title":{"rendered":"Ciudad de Buenos Aires : Pobreza no registrada"},"content":{"rendered":"<p>Los datos de la Direcci\u00f3n de Estad\u00edsticas de la Ciudad de Buenos Aires sorprendieron a todos: la pobreza baj\u00f3 casi tres puntos con respecto al a\u00f1o pasado (del 17,6 al 14,9 por ciento), mientras que la indigencia se redujo en una cuarta parte (pas\u00f3 del 5,4 por ciento al 4,0). El notable cambio de condiciones no parece acorde a un per\u00edodo de crisis econ\u00f3mica, ca\u00edda del consumo de productos de primera necesidad, subas exorbitantes de tarifas y problemas de ingresos laborales (despidos suspensiones, recorte de horas extras) generalizados. Pero el contraste entre la estad\u00edstica y las se\u00f1ales de la realidad tiene explicaci\u00f3n: el momento preciso en el que se toma la comparaci\u00f3n estad\u00edstica, el cierre del primer trimestre de este a\u00f1o contra el primer trimestre del anterior, le jug\u00f3 a favor al gobierno.<\/p>\n<p>El golpe inflacionario de fines de 2015 y primeros dos meses de 2016 fue previo al momento base de comparaci\u00f3n (marzo de 2016). La recomposici\u00f3n salarial posterior, aunque parcial, se dio \u00edntegramente dentro del per\u00edodo bajo an\u00e1lisis (de abril de 2016 en adelante). La megadevaluaci\u00f3n que resolvi\u00f3 Cambiemos apenas pis\u00f3 la Casa Rosada, en diciembre de 2015, dispar\u00f3 un proceso inflacionario que, seg\u00fan lo reflej\u00f3 la propia Direcci\u00f3n de Estad\u00edsticas de la Ciudad, mantuvo el \u00edndice de precios al consumidor en torno al 4 por ciento mensual durante todo ese verano (diciembre, enero y febrero). La canasta alimentaria de una familia tipo (base de c\u00e1lculo para definir la l\u00ednea de indigencia) lleg\u00f3 as\u00ed en marzo de 2016 a 6256,86 pesos, un 35 por ciento m\u00e1s que doce meses antes.<\/p>\n<p>Esa canasta alimentaria aument\u00f3, entre marzo de 2016 y el mismo mes de 2017, 25,4 por ciento. Y en ese porcentaje sube el nivel de la l\u00ednea de indigencia. Pero los salarios aumentaron, en promedio, el 29 por ciento por paritarias, recuperando parcialmente la p\u00e9rdida de poder adquisitivo por la inflaci\u00f3n anterior. La AUH, para los hogares m\u00e1s pobres, subi\u00f3 en un porcentaje mayor.<\/p>\n<p>Es decir, que mientras los ingresos perdieron frente a la inflaci\u00f3n, la estad\u00edstica de pobreza e indigencia, de marzo a marzo, registra la recuperaci\u00f3n parcial de los salarios pero esconde (queda absorbido en el valor de la canasta alimentaria inicial) el impacto de la inflaci\u00f3n sobre los precios. Lo mismo ocurre con la canasta b\u00e1sica total que mide la pobreza. El shock de llegada de Cambiemos, una vez m\u00e1s, se lo cargaron a la cuenta de la \u201cpesada herencia\u201d.<\/p>\n<h6>Fuetne: P\u00e1gina 12<\/h6>\n","protected":false},"excerpt":{"rendered":"<p>Los datos de la Direcci\u00f3n de Estad\u00edsticas de la Ciudad de Buenos Aires sorprendieron a todos: la pobreza baj\u00f3 casi tres puntos con respecto al a\u00f1o pasado, mientras que la indigencia se redujo en una cuarta parte <\/p>\n","protected":false},"author":2,"featured_media":66199,"comment_status":"closed","ping_status":"closed","sticky":false,"template":"","format":"standard","meta":{"footnotes":""},"categories":[2],"tags":[12],"class_list":["post-66198","post","type-post","status-publish","format-standard","has-post-thumbnail","hentry","category-informe-municipal","tag-buenos-aires"],"_links":{"self":[{"href":"http:\/\/argentinamunicipal.com.ar\/argentina\/wp-json\/wp\/v2\/posts\/66198","targetHints":{"allow":["GET"]}}],"collection":[{"href":"http:\/\/argentinamunicipal.com.ar\/argentina\/wp-json\/wp\/v2\/posts"}],"about":[{"href":"http:\/\/argentinamunicipal.com.ar\/argentina\/wp-json\/wp\/v2\/types\/post"}],"author":[{"embeddable":true,"href":"http:\/\/argentinamunicipal.com.ar\/argentina\/wp-json\/wp\/v2\/users\/2"}],"replies":[{"embeddable":true,"href":"http:\/\/argentinamunicipal.com.ar\/argentina\/wp-json\/wp\/v2\/comments?post=66198"}],"version-history":[{"count":0,"href":"http:\/\/argentinamunicipal.com.ar\/argentina\/wp-json\/wp\/v2\/posts\/66198\/revisions"}],"wp:featuredmedia":[{"embeddable":true,"href":"http:\/\/argentinamunicipal.com.ar\/argentina\/wp-json\/wp\/v2\/media\/66199"}],"wp:attachment":[{"href":"http:\/\/argentinamunicipal.com.ar\/argentina\/wp-json\/wp\/v2\/media?parent=66198"}],"wp:term":[{"taxonomy":"category","embeddable":true,"href":"http:\/\/argentinamunicipal.com.ar\/argentina\/wp-json\/wp\/v2\/categories?post=66198"},{"taxonomy":"post_tag","embeddable":true,"href":"http:\/\/argentinamunicipal.com.ar\/argentina\/wp-json\/wp\/v2\/tags?post=66198"}],"curies":[{"name":"wp","href":"https:\/\/api.w.org\/{rel}","templated":true}]}}