{"id":66204,"date":"2017-08-04T07:18:44","date_gmt":"2017-08-04T10:18:44","guid":{"rendered":"http:\/\/argentinamunicipal.com.ar\/argentina\/?p=66204"},"modified":"2017-08-04T07:18:44","modified_gmt":"2017-08-04T10:18:44","slug":"una-fuente-laboral-menoshoy-se-firman-los-ultimos-retiros-los-talleres-perez","status":"publish","type":"post","link":"http:\/\/argentinamunicipal.com.ar\/argentina\/una-fuente-laboral-menoshoy-se-firman-los-ultimos-retiros-los-talleres-perez\/","title":{"rendered":"Una fuente laboral menos:hoy se firman los \u00faltimos retiros de los talleres de P\u00e9rez"},"content":{"rendered":"<p>Vence la conciliaci\u00f3n obligatoria y Rioro mantuvo su decisi\u00f3n de cerrar la planta. Los 71 obreros ya comenzaron a firmar la desvinculaci\u00f3n<\/p>\n<p>Los \u00faltimos empleados de los talleres ferroviarios de P\u00e9rez firmar\u00e1n hoy los convenios de retiro voluntario que les ofreci\u00f3 la empresa Rioro. Y la planta de reparaci\u00f3n de vagones levantada hace un siglo en la ciudad vecina cerrar\u00e1 definitivamente. La conciliaci\u00f3n obligatoria dictada por el Ministerio de Trabajo termina con el peor final, pese a las gestiones que realizaron el gremio metal\u00fargico y los gobiernos provincial y municipal. La presi\u00f3n de la compa\u00f1\u00eda y el desgaste de los \u00faltimos 71 trabajadores que resistieron el cierre cancelaron cualquier expectativa de reactivaci\u00f3n. Incluso, se desactiv\u00f3 la movilizaci\u00f3n programada en defensa de los puestos de trabajo. S\u00ed habr\u00e1 esta tarde una autoconvocatoria vecinal frente al port\u00f3n de la planta, para expresar la bronca.<\/p>\n<p>\u00abLa posici\u00f3n del gremio es la de luchar para mantener los puestos de trabajo, pero entendemos a los compa\u00f1eros que decidieron aceptar los retiros voluntarios luego de una estrategia de desgaste y una postura muy intransigente por parte de las autoridades de Rioro\u00bb, se\u00f1al\u00f3 Pablo Cerra, asesor legal de la Uni\u00f3n Obrera Metal\u00fargica (UOM) de Rosario. Y sentenci\u00f3: \u00abEs un final muy triste y muy reprochable la actitud de la empresa\u00bb.<\/p>\n<p>La empresa Rioro, que forma parte del grupo Emepa, comunic\u00f3 el 22 de junio su decisi\u00f3n de cerrar los talleres de reparaci\u00f3n de material ferroviario en P\u00e9rez por falta de trabajo. Los 71 operarios que quedaban trabajando en la planta se enteraron a trav\u00e9s de un cartel colgado en el port\u00f3n de entrada, cerrado con candado. Un a\u00f1o antes la firma ya hab\u00eda desvinculado a 80 trabajadores.<\/p>\n<p>El Ministerio de Trabajo provincial dict\u00f3 la conciliaci\u00f3n obligatoria, que luego prorrog\u00f3 hasta el d\u00eda de hoy, para ganar tiempo. El ministro de Producci\u00f3n, Luis Contigiani, present\u00f3 a Emepa un plan para construir un parque industrial en los terrenos del establecimiento, como alternativa para defender los puestos de trabajo y la unidad productiva. La UOM acerc\u00f3 un interesado, Ferronaval, en comprar o alquilar las instalaciones con el fin de explotarlas en el marco del desarrollo de los trenes interurbanos que fogonea la provincia. En el Concejo de P\u00e9rez y en la Legislatura provincial se presentaron proyectos para declarar de utilidad p\u00fablica esas instalaciones y pedir la expropiaci\u00f3n.<\/p>\n<p>La empresa no se conmovi\u00f3. Por la conciliaci\u00f3n obligatoria, retomaron a los empleados pero los confinaron a un galp\u00f3n sin asignarles tareas. Las \u00faltimas audiencias en la cartera laboral fueron escenarios de cruces muy \u00e1speros entre el gremio, las autoridades p\u00fablicas y la patronal. La resistencia en la f\u00e1brica comenz\u00f3 a quebrarse. La semana pasada 6 trabajadores se acogieron a los retiros voluntarios, y desde el mi\u00e9rcoles esa alternativa se acept\u00f3 masivamente: 17 empleados firmaron el mi\u00e9rcoles, 25 ayer, y el resto lo har\u00e1 hoy. Producto de las negociaciones, se llevar\u00e1n el 130 por ciento de la indemnizaci\u00f3n que le corresponder\u00eda, m\u00e1s el sueldo bruto de agosto.<\/p>\n<p>Los espera en la calle un mercado laboral devastado. Desde febrero de 2016 la UOM Rosario registr\u00f3 oficialmente el cierre de 72 pymes metal\u00fargicas en la regi\u00f3n. \u00abSon las que nos notifican, la mayor\u00eda no lo hace, con lo cual se estima que la situaci\u00f3n es mucho peor\u00bb, dijo Cerra, quien neg\u00f3 que existan brotes verdes que puedan reemplazar esta demanda laboral que se perdi\u00f3. Incluso le contest\u00f3 al secretario de Industria de la Naci\u00f3n, Mart\u00edn Etchegoyen, quien durante la ma\u00f1ana de ayer hab\u00eda declarado que \u00aben una econom\u00eda mundial hay empresas que abren y otras con complicaciones\u00bb.<\/p>\n<p>\u00abDeber\u00eda venir ac\u00e1 para ver que la situaci\u00f3n es muy distinta a la que \u00e9l dice\u00bb, desafi\u00f3 el asesor de la UOM.<\/p>\n<p>El \u00faltimo informe de la Federaci\u00f3n Industrial de Santa Fe (Fisfe) revel\u00f3 la p\u00e9rdida de 34 mil asalariados en el sector durante junio respecto del mismo mes del a\u00f1o anterior.<\/p>\n<p>Los rebotes de actividad que difunde el Indec, desde el piso baj\u00edsimo al que la econom\u00eda lleg\u00f3 el a\u00f1o pasado, no significan mucho en la experiencia de los trabajadores industriales. Tampoco de las comunidades que los albergan.<\/p>\n<p>Como ocurre en Acebal con los zapatos, P\u00e9rez se suma al listado de poblaciones conmocionadas econ\u00f3mica y socialmente por los cambios del \u00faltimo a\u00f1o. En este caso, con el adi\u00f3s a un establecimiento que hab\u00eda sido inaugurado en 1917, que floreci\u00f3 con el ferrocarril, que empez\u00f3 a caer en los 90 y que, tras una breve reactivaci\u00f3n en 2014, entr\u00f3 el a\u00f1o pasado en la liquidaci\u00f3n final.<\/p>\n<h6>Fuente: La capital Rosario<\/h6>\n","protected":false},"excerpt":{"rendered":"<p>Vence la conciliaci\u00f3n obligatoria y Rioro mantuvo su decisi\u00f3n de cerrar la planta. Los 71 obreros ya comenzaron a firmar la desvinculaci\u00f3n<\/p>\n","protected":false},"author":2,"featured_media":66205,"comment_status":"closed","ping_status":"closed","sticky":false,"template":"","format":"standard","meta":{"footnotes":""},"categories":[2],"tags":[10],"class_list":["post-66204","post","type-post","status-publish","format-standard","has-post-thumbnail","hentry","category-informe-municipal","tag-santa-fe"],"_links":{"self":[{"href":"http:\/\/argentinamunicipal.com.ar\/argentina\/wp-json\/wp\/v2\/posts\/66204","targetHints":{"allow":["GET"]}}],"collection":[{"href":"http:\/\/argentinamunicipal.com.ar\/argentina\/wp-json\/wp\/v2\/posts"}],"about":[{"href":"http:\/\/argentinamunicipal.com.ar\/argentina\/wp-json\/wp\/v2\/types\/post"}],"author":[{"embeddable":true,"href":"http:\/\/argentinamunicipal.com.ar\/argentina\/wp-json\/wp\/v2\/users\/2"}],"replies":[{"embeddable":true,"href":"http:\/\/argentinamunicipal.com.ar\/argentina\/wp-json\/wp\/v2\/comments?post=66204"}],"version-history":[{"count":0,"href":"http:\/\/argentinamunicipal.com.ar\/argentina\/wp-json\/wp\/v2\/posts\/66204\/revisions"}],"wp:featuredmedia":[{"embeddable":true,"href":"http:\/\/argentinamunicipal.com.ar\/argentina\/wp-json\/wp\/v2\/media\/66205"}],"wp:attachment":[{"href":"http:\/\/argentinamunicipal.com.ar\/argentina\/wp-json\/wp\/v2\/media?parent=66204"}],"wp:term":[{"taxonomy":"category","embeddable":true,"href":"http:\/\/argentinamunicipal.com.ar\/argentina\/wp-json\/wp\/v2\/categories?post=66204"},{"taxonomy":"post_tag","embeddable":true,"href":"http:\/\/argentinamunicipal.com.ar\/argentina\/wp-json\/wp\/v2\/tags?post=66204"}],"curies":[{"name":"wp","href":"https:\/\/api.w.org\/{rel}","templated":true}]}}