{"id":66207,"date":"2017-08-04T05:18:57","date_gmt":"2017-08-04T08:18:57","guid":{"rendered":"http:\/\/argentinamunicipal.com.ar\/argentina\/?p=66207"},"modified":"2017-08-04T07:22:14","modified_gmt":"2017-08-04T10:22:14","slug":"hoy-ultimo-dia-se-veran-carros-caballos-las-calles-salta","status":"publish","type":"post","link":"http:\/\/argentinamunicipal.com.ar\/argentina\/hoy-ultimo-dia-se-veran-carros-caballos-las-calles-salta\/","title":{"rendered":"Hoy es el \u00faltimo d\u00eda que se ver\u00e1n carros y caballos en las calles de\u00a0Salta"},"content":{"rendered":"<p>Casi la totalidad acord\u00f3 reconvertir su actividad y aceptar nuevas opciones.La mayor\u00eda recibir\u00e1 las motocargas y el resto estudiar\u00e1 oficios.<\/p>\n<p>Lo que en alg\u00fan momento pareci\u00f3 un imposible est\u00e1 cerca de concretarse. Hoy es el \u00faltimo d\u00eda en que se ver\u00e1n carros tirados por caballos en la ciudad de Salta. Casi la totalidad de los carreros acept\u00f3 reconvertir su actividad.<\/p>\n<p>El intendente Gustavo S\u00e1enz fij\u00f3 como plazo el 4 de agosto para poner fin a la tracci\u00f3n a sangre y comenzar a cumplir una ordenanza que lleva varios a\u00f1os sin ser respetada.<\/p>\n<p>Ayer a la tarde, el grupo de carreros m\u00e1s reacios a dejar los carros, decidi\u00f3 sumarse a la reconversi\u00f3n. Ellos hab\u00edan realizado un acampe en la plaza 9 de Julio en busca de respuestas de los funcionarios.<\/p>\n<p>\u00abLa mayor\u00eda decidi\u00f3 acogerse al plan de reconversi\u00f3n y ma\u00f1ana (por hoy) a las 9, previa revisi\u00f3n de algunos puntos, firmar\u00e1n la reconversi\u00f3n\u00bb, se\u00f1al\u00f3 a\u00a0El Tribuno\u00a0Jos\u00e9 Ort\u00edn, abogado de estos trabajadores.<\/p>\n<p>El profesional inform\u00f3 que son cerca de 100 personas las que dejar\u00e1n su carro y su caballo. La gran mayor\u00eda elegir\u00e1 la opci\u00f3n de las motocargas, mientras que otros quieren capacitarse en oficios y el resto, con alg\u00fan tipo de discapacidad, quiere una ayuda estable. Ort\u00edn destac\u00f3 que las personas a las que representa tienen \u00abmucha voluntad\u00bb de di\u00e1logo para avanzar.<\/p>\n<p><strong>Reuni\u00f3n para destrabar<\/strong><\/p>\n<p>Luego de levantar la protesta en la plaza la noche del mi\u00e9rcoles, los carreros fueron ayer al Centro C\u00edvico Municipal y se reunieron con el intendente. Tras el encuentro, el secretario de Gobierno Luis Mar\u00eda Salado, se\u00f1al\u00f3: \u00abVinieron los carreros, evacuamos todas las dudas que ten\u00edan y les explicamos sobre la entrega de motocargas y la realizaci\u00f3n de los cursos de oficios\u00bb. Al tiempo que asegur\u00f3 que se habl\u00f3 de dar soluciones a las personas mayores.<\/p>\n<p>Tambi\u00e9n se trat\u00f3 el tema de los discapacitados, a quienes se les dar\u00e1 un tipo de ayuda desde el municipio.<\/p>\n<p>\u201cMa\u00f1ana (por hoy), los que confiaron en este intendente, traigan los carros. No los vamos a abandonar\u201d. Esta frase les dijo Gustavo S\u00e1enz a los carreros en la reuni\u00f3n, seg\u00fan se reflej\u00f3 en un parte de prensa del municipio.<br \/>\nEn esa misma nota, se anticipa que hoy, a las 11, en el Centro C\u00edvico Municipal, se iniciar\u00e1 el acto formal de recepci\u00f3n de carros.<br \/>\nDurante el encuentro con el jefe comunal, los carreros trataron de acordar con la comuna c\u00f3mo ser\u00e1 el apoyo hasta que obtengan su motocarga. Seg\u00fan anticip\u00f3 el abogado Ort\u00edn se les dar\u00e1 una ayuda econ\u00f3mica y bolsones de la Cooperadora Asistencial.<\/p>\n<p><strong>Algunas cifras<\/strong><\/p>\n<p>Temprano, Garc\u00eda Salado detall\u00f3 algunas cifras. Desde el lunes, unas 30 personas que obtendr\u00e1n esta primera tanda de motocargas realizan el curso para obtener la licencia de conducir.<br \/>\nDe acuerdo a lo que inform\u00f3 el funcionario, ya se mandaron a comprar 70 nuevas motocargas, con lo que se llegar\u00eda a 100. Estas compras se est\u00e1n haciendo con fondos de la Cooperadora Asistencial. Seg\u00fan dijo Garc\u00eda Salado, las motos saldr\u00edan poco m\u00e1s de 57 mil pesos (incluyendo flete y casco, entre otras cosas). El vocero pol\u00edtico del municipio afirm\u00f3 que se pag\u00f3 un precio real por los veh\u00edculos.<br \/>\nEl funcionario, finalmente, destac\u00f3 el trabajo de censo que se hizo en la primera etapa de la reconversi\u00f3n. \u201cEso fue importante para saber c\u00f3mo viv\u00edan, a qu\u00e9 se dedicaban y qu\u00e9 promedio de ingresos ten\u00edan\u201d, asegur\u00f3.<br \/>\nTambi\u00e9n destac\u00f3 que la gran mayor\u00eda son fruteros, despu\u00e9s vienen los que venden tierra y despu\u00e9s los que comercializan chatarra.<\/p>\n<p><strong>Las tres opciones para reconvertirse<\/strong><\/p>\n<p>El municipio les dio tres alternativas a los carreros. La primera es canjear el carro y el caballo por una motocarga y la segunda, hacer cursos de oficios con una paga mientras dure la capacitaci\u00f3n. A estas personas se les entregar\u00e1n herramientas para trabajar. La \u00faltima opci\u00f3n es prestar alg\u00fan servicio al municipio, por el que recibir\u00e1n un pago.<\/p>\n<h6>Fuente: El Tribuno<\/h6>\n","protected":false},"excerpt":{"rendered":"<p>Casi la totalidad acord\u00f3 reconvertir su actividad y aceptar nuevas opciones.La mayor\u00eda recibir\u00e1 las motocargas y el resto estudiar\u00e1 oficios.<\/p>\n","protected":false},"author":2,"featured_media":66208,"comment_status":"closed","ping_status":"closed","sticky":false,"template":"","format":"standard","meta":{"footnotes":""},"categories":[2],"tags":[9],"class_list":["post-66207","post","type-post","status-publish","format-standard","has-post-thumbnail","hentry","category-informe-municipal","tag-salta"],"_links":{"self":[{"href":"http:\/\/argentinamunicipal.com.ar\/argentina\/wp-json\/wp\/v2\/posts\/66207","targetHints":{"allow":["GET"]}}],"collection":[{"href":"http:\/\/argentinamunicipal.com.ar\/argentina\/wp-json\/wp\/v2\/posts"}],"about":[{"href":"http:\/\/argentinamunicipal.com.ar\/argentina\/wp-json\/wp\/v2\/types\/post"}],"author":[{"embeddable":true,"href":"http:\/\/argentinamunicipal.com.ar\/argentina\/wp-json\/wp\/v2\/users\/2"}],"replies":[{"embeddable":true,"href":"http:\/\/argentinamunicipal.com.ar\/argentina\/wp-json\/wp\/v2\/comments?post=66207"}],"version-history":[{"count":0,"href":"http:\/\/argentinamunicipal.com.ar\/argentina\/wp-json\/wp\/v2\/posts\/66207\/revisions"}],"wp:featuredmedia":[{"embeddable":true,"href":"http:\/\/argentinamunicipal.com.ar\/argentina\/wp-json\/wp\/v2\/media\/66208"}],"wp:attachment":[{"href":"http:\/\/argentinamunicipal.com.ar\/argentina\/wp-json\/wp\/v2\/media?parent=66207"}],"wp:term":[{"taxonomy":"category","embeddable":true,"href":"http:\/\/argentinamunicipal.com.ar\/argentina\/wp-json\/wp\/v2\/categories?post=66207"},{"taxonomy":"post_tag","embeddable":true,"href":"http:\/\/argentinamunicipal.com.ar\/argentina\/wp-json\/wp\/v2\/tags?post=66207"}],"curies":[{"name":"wp","href":"https:\/\/api.w.org\/{rel}","templated":true}]}}