{"id":66219,"date":"2017-08-04T07:39:38","date_gmt":"2017-08-04T10:39:38","guid":{"rendered":"http:\/\/argentinamunicipal.com.ar\/argentina\/?p=66219"},"modified":"2017-08-04T07:39:38","modified_gmt":"2017-08-04T10:39:38","slug":"gobernador-considero-insolito-gobierno-nacional-atribuyera-las-low-cost-boom-turistico-misiones","status":"publish","type":"post","link":"http:\/\/argentinamunicipal.com.ar\/argentina\/gobernador-considero-insolito-gobierno-nacional-atribuyera-las-low-cost-boom-turistico-misiones\/","title":{"rendered":"El gobernador\u00a0consider\u00f3 \u201cins\u00f3lito\u201d que el Gobierno nacional atribuyera a las low cost el boom tur\u00edstico en Misiones"},"content":{"rendered":"<p>El Jefe de Gabinete del Gobierno nacional, Marcos Pe\u00f1a, relacion\u00f3 el r\u00e9cord de visitantes que se alcanz\u00f3 en Cataratas en julio a los vuelos de bajo costo\u00a0-que apenas si llegaron a Misiones-\u00a0lo que provoc\u00f3 una inmediata reacci\u00f3n del exgobernador Maurice Closs. \u201cQue no me digan que el turismo creci\u00f3 en Misiones por las low cost\u2026 una cosa ins\u00f3lita. La \u00fanica que baj\u00f3 con un par de vuelos es Andes, que ya la trajimos nosotros\u201d, dijo el candidato a senador. \u201cQue no nos digan que el boom lleg\u00f3 por eso, lleg\u00f3 porque se trabaj\u00f3 muy bien y se sigue trabajando y nos seguimos posicionando bien\u201d, remat\u00f3 el legislador.<\/p>\n<p>Para Marcos Pe\u00f1a, el record hist\u00f3rico de visitas a Cataratas alcanzado en julio es consecuencia inmediata de la pol\u00edtica de apertura de cielos que lleva adelante el Gobierno nacional y que permiti\u00f3 la llegada de las aerol\u00edneas que operan con el sistema low cost, en lo que consider\u00f3 \u201cla revoluci\u00f3n m\u00e1s grande y m\u00e1s federal que estamos haciendo, m\u00e1s all\u00e1 de toda la obra p\u00fablica, porque lo que permite es que un pa\u00eds, que es el octavo m\u00e1s grande del mundo, vuelva a estar conectado\u201d.<\/p>\n<p>Maurice Closs sali\u00f3 al cruce de las declaraciones de Pe\u00f1a: \u201c\u00bfQu\u00e9 low cost vino a Misiones en julio, por favor?\u201d, se pregunt\u00f3 el exgobernador, quien aclar\u00f3 luego que la decisi\u00f3n de permitir la llegada de vuelos de bajo costo le parece \u201cuna idea que es buena\u201d para desarrollar al turismo en todo el pa\u00eds. Pero r\u00e1pidamente volvi\u00f3 a cuestionar los dichos de Pe\u00f1a, \u201cque no me digan que el turismo creci\u00f3 en Misiones por las low cost que van a venir, es una cosa ins\u00f3lita. La \u00fanica que baj\u00f3 con un par de vuelos es Andes, que ya la trajimos nosotros con Urtubey, ya ven\u00eda a la provincia. Ac\u00e1 todav\u00eda no lleg\u00f3 Flybondi ni Norwegian, ojal\u00e1 que lo hagan, pero que no nos digan que el boom lleg\u00f3 por eso\u201d, dispar\u00f3.<\/p>\n<p>Consider\u00f3 en cambio, que los buenos resultados que viene obteniendo Misiones en materia tur\u00edstica se deben a que \u201cse trabaj\u00f3 muy bien y se sigue trabajando y nos seguimos posicionando bien\u201d.<\/p>\n<h6>Fuente: Misiones Online<\/h6>\n","protected":false},"excerpt":{"rendered":"<p>El Jefe de Gabinete del Gobierno nacional, Marcos Pe\u00f1a, relacion\u00f3 el r\u00e9cord de visitantes que se alcanz\u00f3 en Cataratas en julio a los vuelos de bajo costo<\/p>\n","protected":false},"author":2,"featured_media":66220,"comment_status":"closed","ping_status":"closed","sticky":false,"template":"","format":"standard","meta":{"footnotes":""},"categories":[65],"tags":[27],"class_list":["post-66219","post","type-post","status-publish","format-standard","has-post-thumbnail","hentry","category-provincias","tag-misiones"],"_links":{"self":[{"href":"http:\/\/argentinamunicipal.com.ar\/argentina\/wp-json\/wp\/v2\/posts\/66219","targetHints":{"allow":["GET"]}}],"collection":[{"href":"http:\/\/argentinamunicipal.com.ar\/argentina\/wp-json\/wp\/v2\/posts"}],"about":[{"href":"http:\/\/argentinamunicipal.com.ar\/argentina\/wp-json\/wp\/v2\/types\/post"}],"author":[{"embeddable":true,"href":"http:\/\/argentinamunicipal.com.ar\/argentina\/wp-json\/wp\/v2\/users\/2"}],"replies":[{"embeddable":true,"href":"http:\/\/argentinamunicipal.com.ar\/argentina\/wp-json\/wp\/v2\/comments?post=66219"}],"version-history":[{"count":0,"href":"http:\/\/argentinamunicipal.com.ar\/argentina\/wp-json\/wp\/v2\/posts\/66219\/revisions"}],"wp:featuredmedia":[{"embeddable":true,"href":"http:\/\/argentinamunicipal.com.ar\/argentina\/wp-json\/wp\/v2\/media\/66220"}],"wp:attachment":[{"href":"http:\/\/argentinamunicipal.com.ar\/argentina\/wp-json\/wp\/v2\/media?parent=66219"}],"wp:term":[{"taxonomy":"category","embeddable":true,"href":"http:\/\/argentinamunicipal.com.ar\/argentina\/wp-json\/wp\/v2\/categories?post=66219"},{"taxonomy":"post_tag","embeddable":true,"href":"http:\/\/argentinamunicipal.com.ar\/argentina\/wp-json\/wp\/v2\/tags?post=66219"}],"curies":[{"name":"wp","href":"https:\/\/api.w.org\/{rel}","templated":true}]}}