{"id":66243,"date":"2017-08-04T06:26:43","date_gmt":"2017-08-04T09:26:43","guid":{"rendered":"http:\/\/argentinamunicipal.com.ar\/argentina\/?p=66243"},"modified":"2017-08-04T08:29:32","modified_gmt":"2017-08-04T11:29:32","slug":"productores-rurales-san-martin-los-andes-dicen-fueron-abandonados-estado","status":"publish","type":"post","link":"http:\/\/argentinamunicipal.com.ar\/argentina\/productores-rurales-san-martin-los-andes-dicen-fueron-abandonados-estado\/","title":{"rendered":"Productores rurales de San Martin de los Andes dicen que fueron abandonados por el Estado"},"content":{"rendered":"<p>Aseguran que no recibieron provisiones de alimento y forraje y amenazan con hacer medidas de fuerza.<\/p>\n<p>Productores de San Mart\u00edn de los Andes agrupados en la Mesa de Desarrollo Rural L\u00e1car denuncian que tras el\u00a0temporal de nieve\u00a0no recibieron ayuda estatal, tal como les hab\u00edan prometido.\u00a0Anuncian que har\u00e1n medidas de fuerza sino obtienen respuestas.<\/p>\n<p>Seg\u00fan comunicaron,\u00a0tras la nevada que cay\u00f3 en la regi\u00f3n solicitaron a trav\u00e9s de una nota al Ministro de Producci\u00f3n y Turismo, Jos\u00e9 Brillo, suministro de forraje, ma\u00edz y alimento\u00a0balanceado. Tras eso, les solicitaron que enviaran el pedido al ministro Jore Lara, ya que ser\u00eda \u00e9l encargado de \u00ababordar la problem\u00e1tica de las comunidades y que el ministro Brillo se encargar\u00eda de los sectores de la ruralidad\u201d.<\/p>\n<p>Ante la falta de respuestas, el 26 de julio reiteraron el pedido, sin obtener hasta la fecha ninguna novedad. \u201cHasta el d\u00eda de la fecha no hemos recibido ninguna contestaci\u00f3n ni apoyo y la situaci\u00f3n continua siendo apremiante\u201d, se lamentaron.<\/p>\n<p>\u201cAnte el silencio y la ausencia del Estado tanto Municipal como Provincial, decidimos comunicar como Mesa de Desarrollo Rural que\u00a0realizaremos acciones directas de medidas de fuerza para informar a la sociedad toda la dif\u00edcil situaci\u00f3n de abandono que sufre el sector rural\u00a0como as\u00ed tambi\u00e9n, sensibilizar al Estado ante la falta de pol\u00edticas de intervenci\u00f3n sectorial que hacen a la vulneraci\u00f3n de derechos adquiridos\u201d, aseguraron.<\/p>\n<p>A la medida adhirieron la AFR Criollos Nativos, la Cooperativa Ap\u00edcola CAPAL y las Comunidades Mapuches Vfowenewen, Vera y Curruhuinca.<\/p>\n<h6>Fuente: La Ma\u00f1ana Neuqu\u00e9n<\/h6>\n","protected":false},"excerpt":{"rendered":"<p>Aseguran que no recibieron provisiones de alimento y forraje y amenazan con hacer medidas de fuerza.<\/p>\n","protected":false},"author":2,"featured_media":66244,"comment_status":"closed","ping_status":"closed","sticky":false,"template":"","format":"standard","meta":{"footnotes":""},"categories":[2],"tags":[23],"class_list":["post-66243","post","type-post","status-publish","format-standard","has-post-thumbnail","hentry","category-informe-municipal","tag-neuquen"],"_links":{"self":[{"href":"http:\/\/argentinamunicipal.com.ar\/argentina\/wp-json\/wp\/v2\/posts\/66243","targetHints":{"allow":["GET"]}}],"collection":[{"href":"http:\/\/argentinamunicipal.com.ar\/argentina\/wp-json\/wp\/v2\/posts"}],"about":[{"href":"http:\/\/argentinamunicipal.com.ar\/argentina\/wp-json\/wp\/v2\/types\/post"}],"author":[{"embeddable":true,"href":"http:\/\/argentinamunicipal.com.ar\/argentina\/wp-json\/wp\/v2\/users\/2"}],"replies":[{"embeddable":true,"href":"http:\/\/argentinamunicipal.com.ar\/argentina\/wp-json\/wp\/v2\/comments?post=66243"}],"version-history":[{"count":0,"href":"http:\/\/argentinamunicipal.com.ar\/argentina\/wp-json\/wp\/v2\/posts\/66243\/revisions"}],"wp:featuredmedia":[{"embeddable":true,"href":"http:\/\/argentinamunicipal.com.ar\/argentina\/wp-json\/wp\/v2\/media\/66244"}],"wp:attachment":[{"href":"http:\/\/argentinamunicipal.com.ar\/argentina\/wp-json\/wp\/v2\/media?parent=66243"}],"wp:term":[{"taxonomy":"category","embeddable":true,"href":"http:\/\/argentinamunicipal.com.ar\/argentina\/wp-json\/wp\/v2\/categories?post=66243"},{"taxonomy":"post_tag","embeddable":true,"href":"http:\/\/argentinamunicipal.com.ar\/argentina\/wp-json\/wp\/v2\/tags?post=66243"}],"curies":[{"name":"wp","href":"https:\/\/api.w.org\/{rel}","templated":true}]}}