{"id":66246,"date":"2017-08-04T08:36:59","date_gmt":"2017-08-04T11:36:59","guid":{"rendered":"http:\/\/argentinamunicipal.com.ar\/argentina\/?p=66246"},"modified":"2017-08-04T08:40:50","modified_gmt":"2017-08-04T11:40:50","slug":"6o-festival-la-lana-los-oficios-trelew-5-6-agosto","status":"publish","type":"post","link":"http:\/\/argentinamunicipal.com.ar\/argentina\/6o-festival-la-lana-los-oficios-trelew-5-6-agosto\/","title":{"rendered":"6\u00ba Festival de la Lana y los Oficios en Trelew, 5 y 6 de agosto"},"content":{"rendered":"<p>Con m\u00e1s de un centenar de asistentes de diferentes puntos del pa\u00eds, de Chile y Uruguay, se inaugur\u00f3 ayer el 6\u00ba Festival de la Lana y los Oficios, que se extender\u00e1 durante todo el fin de semana.<\/p>\n<p>Hoy, las actividades se desarrollar\u00e1n en el Sal\u00f3n Azul de diario EL CHUBUT; en tanto, ma\u00f1ana y pasado a partir de las 14 horas, en el Predio Ferial.<\/p>\n<p>La lana, con su valor agregado, en todas sus combinaciones desde su nacimiento, el vell\u00f3n, el hilado, el te\u00f1ido y la modalidad de tejido, es la protagonista por estas horas, junto a las artesan\u00edas derivadas para acompa\u00f1ar al arte del tejido.<\/p>\n<p>El acto de apertura fue encabezado por el secretario de Gobierno, Eduardo Maza; el secretario de Cultura de la Provincia, Mat\u00edas Cutro; Carlos Wohn, en representaci\u00f3n del sector productivo municipal; Andrea Borrero, organizadora del 1er festival de Chile, y el alcalde de Puerto Ib\u00e1\u00f1ez (Chile), Marcelo Santana. Tambi\u00e9n estuvo presente el titular de la Cicech, Rub\u00e9n Villagra, y representantes del Concejo Deliberante.<\/p>\n<p>Este encuentro fue impulsado desde la Escuela Municipal de Artesan\u00edas, cuya directora es Rosana Cartolano.<\/p>\n<p>Luis \u00d1ancucheo, del \u00e1rea productiva del Municipio, dio la bienvenida a los asistentes. El primer festival se realiz\u00f3 en Chile y se ha desarrollado en distintas ciudades de ese pa\u00eds y de Argentina. Destac\u00f3 este encuentro en Trelew, que traer\u00e1 aparejados \u00abnuevos aprendizajes, m\u00e1s enriquecedores, nuevas experiencias; seguiremos trabajando en los intercambios y en lo que nos plantean los compa\u00f1eros\u00bb, dijo, para destacar el acompa\u00f1amiento del intendente Adri\u00e1n Maderna.<\/p>\n<p>El secretario de Gobierno, Eduardo Maza, tambi\u00e9n mencion\u00f3 a Maderna, transmitiendo sus saludos a los asistentes y destacando el compromiso de diario EL CHUBUT por ceder el Sal\u00f3n Azul para las actividades culturales y educativas.<\/p>\n<p>Por otro lado, durante toda la jornada los artesanos y el p\u00fablico en general, tuvieron la posibilidad de disfrutar del espacio de arte de EL CHUBUT (Arte Mudich), apreciando cada uno de los trabajos que estaban en exposici\u00f3n.<\/p>\n<p>VIVIR DE LAS ARTESANIAS<br \/>\nEl alcalde de Puerto Ib\u00e1\u00f1ez, Marcelo Santana, destac\u00f3 los recursos naturales de la Patagonia Sur, tanto chilena como argentina. En su localidad, la artesan\u00eda juega un \u00abrol preponderante\u00bb, seg\u00fan dijo. Puerto Ib\u00e1\u00f1ez, de la Regi\u00f3n de Ayssen, \u00abvive de las artesan\u00edas como ninguna otra localidad\u00bb, augurando un buen aprendizaje en estos d\u00edas de Festival.<\/p>\n<p>\u00abPara nosotros ser\u00e1 una experiencia, aprendizaje, un viaje de conocimiento, y que llevaremos a nuestra Comuna como parte de lo que significa el desarrollo de estas actividades\u00bb.<\/p>\n<p>Luego de la apertura, se ofreci\u00f3 una conferencia-taller a cargo de Gerardo Wijnant; \u00abLas nuevas econom\u00edas como respuesta a los desaf\u00edos de un desarrollo sostenible: una mirada desde el comercio justo y econom\u00eda del bien com\u00fan\u00bb.<\/p>\n<p>Hoy se presentar\u00e1n los grupos participantes, Red Mapaa, y se desarrollar\u00e1n talleres de oficio, al igual que en el d\u00eda de ayer.<\/p>\n<p>TALLERES DE OFICIOS<br \/>\nLos talleres de oficios que se dictaron y que continuar\u00e1n hoy, s\u00f3lo para artesanos inscriptos, son: reconstituido de piedra y madera, ecoprint sobre fieltro, cer\u00e1mica raku, talla en madera, t\u00e9cnicas de hilado en huso y rueca. Iniciaci\u00f3n al esmalte en mateal, mu\u00f1ecas de fieltro, taller de artesanos de Puerto Ib\u00e1\u00f1ez y talla en madera.<\/p>\n<h6>Fuetne: El Chubut<\/h6>\n","protected":false},"excerpt":{"rendered":"<p>Con m\u00e1s de un centenar de asistentes de diferentes puntos del pa\u00eds, de Chile y Uruguay, se inaugur\u00f3 ayer el 6\u00ba Festival de la Lana y los Oficios, que se extender\u00e1 durante todo el fin de semana.<\/p>\n","protected":false},"author":2,"featured_media":66250,"comment_status":"closed","ping_status":"closed","sticky":false,"template":"","format":"standard","meta":{"footnotes":""},"categories":[47],"tags":[14],"class_list":["post-66246","post","type-post","status-publish","format-standard","has-post-thumbnail","hentry","category-fiestas","tag-chubut"],"_links":{"self":[{"href":"http:\/\/argentinamunicipal.com.ar\/argentina\/wp-json\/wp\/v2\/posts\/66246","targetHints":{"allow":["GET"]}}],"collection":[{"href":"http:\/\/argentinamunicipal.com.ar\/argentina\/wp-json\/wp\/v2\/posts"}],"about":[{"href":"http:\/\/argentinamunicipal.com.ar\/argentina\/wp-json\/wp\/v2\/types\/post"}],"author":[{"embeddable":true,"href":"http:\/\/argentinamunicipal.com.ar\/argentina\/wp-json\/wp\/v2\/users\/2"}],"replies":[{"embeddable":true,"href":"http:\/\/argentinamunicipal.com.ar\/argentina\/wp-json\/wp\/v2\/comments?post=66246"}],"version-history":[{"count":0,"href":"http:\/\/argentinamunicipal.com.ar\/argentina\/wp-json\/wp\/v2\/posts\/66246\/revisions"}],"wp:featuredmedia":[{"embeddable":true,"href":"http:\/\/argentinamunicipal.com.ar\/argentina\/wp-json\/wp\/v2\/media\/66250"}],"wp:attachment":[{"href":"http:\/\/argentinamunicipal.com.ar\/argentina\/wp-json\/wp\/v2\/media?parent=66246"}],"wp:term":[{"taxonomy":"category","embeddable":true,"href":"http:\/\/argentinamunicipal.com.ar\/argentina\/wp-json\/wp\/v2\/categories?post=66246"},{"taxonomy":"post_tag","embeddable":true,"href":"http:\/\/argentinamunicipal.com.ar\/argentina\/wp-json\/wp\/v2\/tags?post=66246"}],"curies":[{"name":"wp","href":"https:\/\/api.w.org\/{rel}","templated":true}]}}