{"id":66254,"date":"2017-08-07T06:54:07","date_gmt":"2017-08-07T09:54:07","guid":{"rendered":"http:\/\/argentinamunicipal.com.ar\/argentina\/?p=66254"},"modified":"2017-08-07T06:54:07","modified_gmt":"2017-08-07T09:54:07","slug":"organizaciones-sociales-preparan-la-gran-marcha-san-cayetano","status":"publish","type":"post","link":"http:\/\/argentinamunicipal.com.ar\/argentina\/organizaciones-sociales-preparan-la-gran-marcha-san-cayetano\/","title":{"rendered":"Organizaciones sociales preparan la gran marcha de \u201cSan Cayetano\u201d"},"content":{"rendered":"<p>A pocos d\u00edas de celebrarse las PASO, miles de personas se movilizar\u00e1n para pedir la implementaci\u00f3n de la Ley de Emergencia Social y la sanci\u00f3n de la Emergencia Alimentaria. La CGT anunci\u00f3 que se sumar\u00e1 y que realizar\u00e1 un paro general, a\u00fan sin fecha, pero posiblemente despu\u00e9s de los comicios.<\/p>\n<p>El pr\u00f3ximo lunes 7 de agosto se realizar\u00e1 una nueva marcha de \u201cSan Cayetano\u201d, en pedido de \u201cPan, Paz y Trabajo\u201d. Se trata de una de las movilizaciones m\u00e1s grande que protagonizan tanto fieles como organizaciones sociales y pol\u00edticas.<\/p>\n<p>Luego de que ayer, Barrios de Pie realizara varios cortes en diferentes puntos de la provincia y capital federal, apostando \u201collas populares\u201d en pedido de la sanci\u00f3n de la Ley de Emergencia alimentaria, este lunes se prepara una gran movilizaci\u00f3n a d\u00edas de la primera vuelta electoral.<\/p>\n<p>El Secretario General de la (Central de los Trabajadores de la Econom\u00eda Popular) CTEP, Esteban \u201cGringo\u201d Castro, explic\u00f3 para Radio Gr\u00e1fica que la marcha se realiza en \u201cen el marco de un plan de lucha que surgi\u00f3 hace 20 d\u00edas\u201d, y que tendr\u00e1 como principal reclamo la sanci\u00f3n de la Ley de Emergencia alimentaria ante una realidad \u201ccada vez m\u00e1s acuciante\u201d, as\u00ed como tambi\u00e9n la plena implementaci\u00f3n de la ya sancionada Ley de Emergencia Social<\/p>\n<p>\u201cEl gobierno no gasta todo lo que tiene en el ministerio. Nosotros pedimos que ejecute toda la plata que tiene asignada\u201d, denunci\u00f3 Castro.<\/p>\n<p>De la misma forma, el dirigente justific\u00f3 la necesidad de una mayor presencia del Estado ante las poblaciones m\u00e1s afectadas por la econom\u00eda, al explicar que \u201clos grupos m\u00e1s concentrados, que son la energ\u00eda, el gas, la luz y la alimentaci\u00f3n, enseguida te suben los precios. Nosotros peleamos por el salario social y complementario\u201d.<\/p>\n<p>Esteban Castro cont\u00f3 que la propia CGT, as\u00ed como la CTA, han manifestado su apoyo para movilizar este lunes 7 hasta la capilla de San Cayetano en Liniers.<\/p>\n<p>La Central General de los Trabajadores ya ha anunciado que realizar\u00e1 un paro general, pero todav\u00eda no ha dado una fecha exacta y todo indica que ser\u00e1 despu\u00e9s de las elecciones del 13 de agosto.<\/p>\n<p>\u201cNecesitamos unidad para ponerle freno a un modelo econ\u00f3mico como este. No nos olvidemos de lo que est\u00e1 pasando en Brasil, en donde una reforma laboral retrasa cien a\u00f1os las conquistas obreras\u201d, alert\u00f3 el dirigente de la CTEP.<\/p>\n<p>\u201cEste gobierno profundiza el ajuste en un momento electoral. Nos vemos obligado a salir a la calle igual\u201d, cerr\u00f3 el dirigente.<\/p>\n<p>La CTEP integra precandidatos de diferentes lugares, aunque todos ligados a la oposici\u00f3n.<\/p>\n<h6>Fuente: InfoCielo<\/h6>\n","protected":false},"excerpt":{"rendered":"<p>A pocos d\u00edas de celebrarse las PASO, miles de personas se movilizar\u00e1n para pedir la implementaci\u00f3n de la Ley de Emergencia Social y la sanci\u00f3n de la Emergencia Alimentaria. <\/p>\n","protected":false},"author":2,"featured_media":66255,"comment_status":"closed","ping_status":"closed","sticky":false,"template":"","format":"standard","meta":{"footnotes":""},"categories":[8],"tags":[21],"class_list":["post-66254","post","type-post","status-publish","format-standard","has-post-thumbnail","hentry","category-informe-nacional","tag-argentina"],"_links":{"self":[{"href":"http:\/\/argentinamunicipal.com.ar\/argentina\/wp-json\/wp\/v2\/posts\/66254","targetHints":{"allow":["GET"]}}],"collection":[{"href":"http:\/\/argentinamunicipal.com.ar\/argentina\/wp-json\/wp\/v2\/posts"}],"about":[{"href":"http:\/\/argentinamunicipal.com.ar\/argentina\/wp-json\/wp\/v2\/types\/post"}],"author":[{"embeddable":true,"href":"http:\/\/argentinamunicipal.com.ar\/argentina\/wp-json\/wp\/v2\/users\/2"}],"replies":[{"embeddable":true,"href":"http:\/\/argentinamunicipal.com.ar\/argentina\/wp-json\/wp\/v2\/comments?post=66254"}],"version-history":[{"count":0,"href":"http:\/\/argentinamunicipal.com.ar\/argentina\/wp-json\/wp\/v2\/posts\/66254\/revisions"}],"wp:featuredmedia":[{"embeddable":true,"href":"http:\/\/argentinamunicipal.com.ar\/argentina\/wp-json\/wp\/v2\/media\/66255"}],"wp:attachment":[{"href":"http:\/\/argentinamunicipal.com.ar\/argentina\/wp-json\/wp\/v2\/media?parent=66254"}],"wp:term":[{"taxonomy":"category","embeddable":true,"href":"http:\/\/argentinamunicipal.com.ar\/argentina\/wp-json\/wp\/v2\/categories?post=66254"},{"taxonomy":"post_tag","embeddable":true,"href":"http:\/\/argentinamunicipal.com.ar\/argentina\/wp-json\/wp\/v2\/tags?post=66254"}],"curies":[{"name":"wp","href":"https:\/\/api.w.org\/{rel}","templated":true}]}}