{"id":66266,"date":"2017-08-07T07:12:34","date_gmt":"2017-08-07T10:12:34","guid":{"rendered":"http:\/\/argentinamunicipal.com.ar\/argentina\/?p=66266"},"modified":"2017-08-07T07:12:34","modified_gmt":"2017-08-07T10:12:34","slug":"imparable-la-caida-las-ventas-los-comercios-minoristas","status":"publish","type":"post","link":"http:\/\/argentinamunicipal.com.ar\/argentina\/imparable-la-caida-las-ventas-los-comercios-minoristas\/","title":{"rendered":"Es imparable la ca\u00edda en las ventas de los comercios minoristas"},"content":{"rendered":"<p>As\u00ed surge de los \u00faltimos n\u00fameros dados a conocer por la Confederaci\u00f3n Argentina de la Mediana Empresa.<\/p>\n<p>Sigue registr\u00e1ndose\u00a0ca\u00edda en las ventas de los comercios minoristas, que durante junio marcaron una baja del 1,4 por ciento que la modesta suba de julio (del 0,8) no pudo frenar. As\u00ed las cosas, el acumulado del derrumbe en lo que va del a\u00f1o es del 3 por ciento interanual, seg\u00fan datos de la\u00a0Confederaci\u00f3n Argentina de la Mediana Empresa (CAME).<\/p>\n<p>De los 18 sectores relevados, 16 mostraron en julio baja de ventas en la comparaci\u00f3n interanual, en uno solo subieron, y apenas uno no mostr\u00f3 cambios.<\/p>\n<p>La ca\u00edda m\u00e1s profunda se registr\u00f3 en los rubros\u00a0calzado\u00a0(-4,8 %),\u00a0jugueter\u00edas y librer\u00edas\u00a0(-3,9 %) y\u00a0marroquiner\u00eda\u00a0(-3,3 %).<\/p>\n<p>El titular de la CAME, Fabi\u00e1n Tarr\u00edo, evalu\u00f3 al respecto que \u00abhay mucha disparidad, algunos negocios comenzaron a recuperarse bien pero otros todav\u00eda siguen cayendo\u00bb.<\/p>\n<p>Asimismo, agreg\u00f3 que \u00aben las ciudades de frontera fue muy importante el acuerdo &#8217;12 cuotas todos los d\u00edas,\u00a0todos los rubros&#8217; de CAME-ATACYC para levantar el consumo\u00bb.<\/p>\n<p>\u00abEste convenio, para dar financiamiento sin inter\u00e9s, tuvo muy buenos resultados y fue un movilizador de las ventas en 76 ciudades que ven\u00edan muy golpeadas por la competencia de pa\u00edses como Chile y Paraguay\u00bb, subray\u00f3 la CAME.<\/p>\n<h6>Fuente: Infonews<\/h6>\n","protected":false},"excerpt":{"rendered":"<p>As\u00ed surge de los \u00faltimos n\u00fameros dados a conocer por la Confederaci\u00f3n Argentina de la Mediana Empresa.<\/p>\n","protected":false},"author":2,"featured_media":66267,"comment_status":"closed","ping_status":"closed","sticky":false,"template":"","format":"standard","meta":{"footnotes":""},"categories":[8],"tags":[21],"class_list":["post-66266","post","type-post","status-publish","format-standard","has-post-thumbnail","hentry","category-informe-nacional","tag-argentina"],"_links":{"self":[{"href":"http:\/\/argentinamunicipal.com.ar\/argentina\/wp-json\/wp\/v2\/posts\/66266","targetHints":{"allow":["GET"]}}],"collection":[{"href":"http:\/\/argentinamunicipal.com.ar\/argentina\/wp-json\/wp\/v2\/posts"}],"about":[{"href":"http:\/\/argentinamunicipal.com.ar\/argentina\/wp-json\/wp\/v2\/types\/post"}],"author":[{"embeddable":true,"href":"http:\/\/argentinamunicipal.com.ar\/argentina\/wp-json\/wp\/v2\/users\/2"}],"replies":[{"embeddable":true,"href":"http:\/\/argentinamunicipal.com.ar\/argentina\/wp-json\/wp\/v2\/comments?post=66266"}],"version-history":[{"count":0,"href":"http:\/\/argentinamunicipal.com.ar\/argentina\/wp-json\/wp\/v2\/posts\/66266\/revisions"}],"wp:featuredmedia":[{"embeddable":true,"href":"http:\/\/argentinamunicipal.com.ar\/argentina\/wp-json\/wp\/v2\/media\/66267"}],"wp:attachment":[{"href":"http:\/\/argentinamunicipal.com.ar\/argentina\/wp-json\/wp\/v2\/media?parent=66266"}],"wp:term":[{"taxonomy":"category","embeddable":true,"href":"http:\/\/argentinamunicipal.com.ar\/argentina\/wp-json\/wp\/v2\/categories?post=66266"},{"taxonomy":"post_tag","embeddable":true,"href":"http:\/\/argentinamunicipal.com.ar\/argentina\/wp-json\/wp\/v2\/tags?post=66266"}],"curies":[{"name":"wp","href":"https:\/\/api.w.org\/{rel}","templated":true}]}}