{"id":66270,"date":"2017-08-07T07:22:12","date_gmt":"2017-08-07T10:22:12","guid":{"rendered":"http:\/\/argentinamunicipal.com.ar\/argentina\/?p=66270"},"modified":"2017-08-07T07:22:12","modified_gmt":"2017-08-07T10:22:12","slug":"segun-cifras-oficiales-mas-medio-millon-personas-viven-la-pobreza-la-indigencia-buenos-aires","status":"publish","type":"post","link":"http:\/\/argentinamunicipal.com.ar\/argentina\/segun-cifras-oficiales-mas-medio-millon-personas-viven-la-pobreza-la-indigencia-buenos-aires\/","title":{"rendered":"Seg\u00fan cifras oficiales, m\u00e1s de medio mill\u00f3n de personas viven en la pobreza o la indigencia en\u00a0Buenos Aires"},"content":{"rendered":"<p>La Direcci\u00f3n General de Estad\u00edstica y Censos del Gobierno de la Ciudad public\u00f3 su informe anual en el que detalla la evoluci\u00f3n de acuerdo con los hogares y las personas en el distrito m\u00e1s rico del pa\u00eds.<\/p>\n<p>Seg\u00fan la\u00a0Direcci\u00f3n General de Estad\u00edstica y Censos del Gobierno de la Ciudad, la indigencia alcanza a 37 mil hogares, equivalente al 2,9 por ciento, lo que abarca a 123 mil personas o el 4 por ciento.<\/p>\n<p>De acuerdo con el informe \u201cCondiciones de vida: Incidencia de la indigencia y de la pobreza y estratificaci\u00f3n\u201d que su public\u00f3 hoy,\u00a0la pobreza alcanza al 10,2 por ciento de los hogares, lo que representa a 132 mil en total y al 14,9 por ciento o 456 mil personas.<\/p>\n<p>Entre los estratos que no alcanzan la l\u00ednea de pobreza y la \u201cclase media\u201d, est\u00e1n los No pobres vulnerables (7,6 por ciento de los hogares y 8,2 de las personas) y los medio fr\u00e1gil (9 de los hogares y 9,3 de las personas).<\/p>\n<p>\u00abA los primeros se los considera vulnerables porque ante una eventual disminuci\u00f3n de su poder adquisitivo o ante la p\u00e9rdida del empleo o del ingreso de alguno de sus miembros, tienen alta probabilidad de caer en los estratos m\u00e1s bajos\u00bb, explica el informe.<\/p>\n<p>De este modo,\u00a0 para las cifras oficiales el porcentaje de hogares en situaci\u00f3n de pobreza en redujo en 2,1 puntos durante el primer trimestre de este a\u00f1o en la Ciudad Aut\u00f3noma de Buenos Aires, en comparaci\u00f3n con igual per\u00edodo del a\u00f1o pasado.<\/p>\n<h6>Fuente: InfoNews<\/h6>\n","protected":false},"excerpt":{"rendered":"<p>La Direcci\u00f3n General de Estad\u00edstica y Censos del Gobierno de la Ciudad public\u00f3 su informe anual en el que detalla la evoluci\u00f3n de acuerdo con los hogares y las personas en el distrito m\u00e1s rico del pa\u00eds.<\/p>\n","protected":false},"author":2,"featured_media":66271,"comment_status":"closed","ping_status":"closed","sticky":false,"template":"","format":"standard","meta":{"footnotes":""},"categories":[2],"tags":[12],"class_list":["post-66270","post","type-post","status-publish","format-standard","has-post-thumbnail","hentry","category-informe-municipal","tag-buenos-aires"],"_links":{"self":[{"href":"http:\/\/argentinamunicipal.com.ar\/argentina\/wp-json\/wp\/v2\/posts\/66270","targetHints":{"allow":["GET"]}}],"collection":[{"href":"http:\/\/argentinamunicipal.com.ar\/argentina\/wp-json\/wp\/v2\/posts"}],"about":[{"href":"http:\/\/argentinamunicipal.com.ar\/argentina\/wp-json\/wp\/v2\/types\/post"}],"author":[{"embeddable":true,"href":"http:\/\/argentinamunicipal.com.ar\/argentina\/wp-json\/wp\/v2\/users\/2"}],"replies":[{"embeddable":true,"href":"http:\/\/argentinamunicipal.com.ar\/argentina\/wp-json\/wp\/v2\/comments?post=66270"}],"version-history":[{"count":0,"href":"http:\/\/argentinamunicipal.com.ar\/argentina\/wp-json\/wp\/v2\/posts\/66270\/revisions"}],"wp:featuredmedia":[{"embeddable":true,"href":"http:\/\/argentinamunicipal.com.ar\/argentina\/wp-json\/wp\/v2\/media\/66271"}],"wp:attachment":[{"href":"http:\/\/argentinamunicipal.com.ar\/argentina\/wp-json\/wp\/v2\/media?parent=66270"}],"wp:term":[{"taxonomy":"category","embeddable":true,"href":"http:\/\/argentinamunicipal.com.ar\/argentina\/wp-json\/wp\/v2\/categories?post=66270"},{"taxonomy":"post_tag","embeddable":true,"href":"http:\/\/argentinamunicipal.com.ar\/argentina\/wp-json\/wp\/v2\/tags?post=66270"}],"curies":[{"name":"wp","href":"https:\/\/api.w.org\/{rel}","templated":true}]}}