{"id":66274,"date":"2017-08-07T07:25:21","date_gmt":"2017-08-07T10:25:21","guid":{"rendered":"http:\/\/argentinamunicipal.com.ar\/argentina\/?p=66274"},"modified":"2017-08-07T07:25:21","modified_gmt":"2017-08-07T10:25:21","slug":"avanza-la-construccion-del-edificio-escuelas-trabajo-santa-fe","status":"publish","type":"post","link":"http:\/\/argentinamunicipal.com.ar\/argentina\/avanza-la-construccion-del-edificio-escuelas-trabajo-santa-fe\/","title":{"rendered":"Avanza la construcci\u00f3n del edificio de Escuelas de Trabajo en\u00a0Santa Fe"},"content":{"rendered":"<p>Ubicado en el ingreso Oeste a la capital santafesina, el proyecto cuenta con un avance del 70% y demanda una inversi\u00f3n cercana a los $ 27 millones<\/p>\n<p>En el ingreso Oeste de la Ciudad, en barrio Barranquitas Sur, el Municipio est\u00e1 construyendo el primer edificio de\u00a0Escuelas de Trabajo. Este lunes por la ma\u00f1ana, el intendente Jos\u00e9 Corral supervisar\u00e1 la marcha de los trabajos que en la actualidad cuentan con un avance del 70 %. Con una inversi\u00f3n de $ 26.941.199, el edificio tendr\u00e1 una superficie cubierta de 1145 m\u00b2 y semicubierta de 68 m\u00b2. En este espacio, el Gobierno de la Ciudad desarrollar\u00e1 todas las acciones vinculadas a Escuelas de Trabajo con el objetivo central de brindar oportunidades genuinas a los j\u00f3venes santafesinos en situaci\u00f3n de vulnerabilidad.<br \/>\nA trav\u00e9s de este Programa, se coordinan y articulan estrat\u00e9gicamente todas las l\u00edneas de trabajo vinculadas a lo laboral, educativo, cultural y deportivo, ya sean propiciados desde el \u00e1mbito nacional, provincial, municipal o de organizaciones no gubernamentales, de manera de evitar precisamente la fragmentaci\u00f3n, la superposici\u00f3n y la discontinuidad de las pol\u00edticas p\u00fablicas existentes.<\/p>\n<h6>Fuente: Uno Santa Fe<\/h6>\n","protected":false},"excerpt":{"rendered":"<p>Ubicado en el ingreso Oeste a la capital santafesina, el proyecto cuenta con un avance del 70% y demanda una inversi\u00f3n cercana a los $ 27 millones<\/p>\n","protected":false},"author":2,"featured_media":66275,"comment_status":"closed","ping_status":"closed","sticky":false,"template":"","format":"standard","meta":{"footnotes":""},"categories":[2],"tags":[10],"class_list":["post-66274","post","type-post","status-publish","format-standard","has-post-thumbnail","hentry","category-informe-municipal","tag-santa-fe"],"_links":{"self":[{"href":"http:\/\/argentinamunicipal.com.ar\/argentina\/wp-json\/wp\/v2\/posts\/66274","targetHints":{"allow":["GET"]}}],"collection":[{"href":"http:\/\/argentinamunicipal.com.ar\/argentina\/wp-json\/wp\/v2\/posts"}],"about":[{"href":"http:\/\/argentinamunicipal.com.ar\/argentina\/wp-json\/wp\/v2\/types\/post"}],"author":[{"embeddable":true,"href":"http:\/\/argentinamunicipal.com.ar\/argentina\/wp-json\/wp\/v2\/users\/2"}],"replies":[{"embeddable":true,"href":"http:\/\/argentinamunicipal.com.ar\/argentina\/wp-json\/wp\/v2\/comments?post=66274"}],"version-history":[{"count":0,"href":"http:\/\/argentinamunicipal.com.ar\/argentina\/wp-json\/wp\/v2\/posts\/66274\/revisions"}],"wp:featuredmedia":[{"embeddable":true,"href":"http:\/\/argentinamunicipal.com.ar\/argentina\/wp-json\/wp\/v2\/media\/66275"}],"wp:attachment":[{"href":"http:\/\/argentinamunicipal.com.ar\/argentina\/wp-json\/wp\/v2\/media?parent=66274"}],"wp:term":[{"taxonomy":"category","embeddable":true,"href":"http:\/\/argentinamunicipal.com.ar\/argentina\/wp-json\/wp\/v2\/categories?post=66274"},{"taxonomy":"post_tag","embeddable":true,"href":"http:\/\/argentinamunicipal.com.ar\/argentina\/wp-json\/wp\/v2\/tags?post=66274"}],"curies":[{"name":"wp","href":"https:\/\/api.w.org\/{rel}","templated":true}]}}