{"id":66286,"date":"2017-08-07T07:25:31","date_gmt":"2017-08-07T10:25:31","guid":{"rendered":"http:\/\/argentinamunicipal.com.ar\/argentina\/?p=66286"},"modified":"2017-08-07T07:45:03","modified_gmt":"2017-08-07T10:45:03","slug":"rosario-temor-perder-empleo-promete-una-celebracion-masiva-san-cayetano","status":"publish","type":"post","link":"http:\/\/argentinamunicipal.com.ar\/argentina\/rosario-temor-perder-empleo-promete-una-celebracion-masiva-san-cayetano\/","title":{"rendered":"Rosario: El temor a perder el empleo promete una celebraci\u00f3n masiva en San Cayetano"},"content":{"rendered":"<p>Alrededor del templo de Buenos Aires al 2100 habr\u00e1 140 puestos. A las 15 sale la procesi\u00f3n para la misa que en la plaza Libertad presidir\u00e1 Mart\u00edn<\/p>\n<p>En un a\u00f1o en que el temor a perder el empleo o la angustia por haberlo perdido arrecian m\u00e1s que otros 7 de agosto, la parroquia de Buenos Aires al 2100 se prepara para vivir hoy una masiva celebraci\u00f3n del D\u00eda de\u00a0San Cayetano. De hecho, ayer el templo ya se vio m\u00e1s visitado por fieles que otros domingos y los primeros puestos de venta ambulante, sobre un total de 140 autorizados, hab\u00edan comenzado a apostarse en la manzana comprendida por Buenos Aires, Cerrito, Laprida y Riobamba. Para permitir que los devotos del patrono del pan y el trabajo tengan m\u00e1s posibilidades de acercarse a la iglesia, las puertas parroquiales se abrieron ya a la medianoche y hoy habr\u00e1 una misa por hora entre las 5 y las 12 y desde las 18 a las 22, con los confesionarios abiertos. La celebraci\u00f3n central, la procesi\u00f3n con la imagen del santo y la misa de campa\u00f1a en la plaza Libertad (Sarmiento e Ituzaing\u00f3) a cargo del arzobispo de Rosario, monse\u00f1or Eduardo Mart\u00edn, est\u00e1n previstas a partir de las 15.<\/p>\n<p>Pese a que la festividad de San Cayetano esta vez cae un lunes, la devoci\u00f3n al santo promete atraer hoy a una importante cantidad de fieles. Algo recurrente en tiempos de crisis.<\/p>\n<p>Aparte de quienes se acercar\u00e1n al templo de calle Buenos Aires para pedir por trabajo para s\u00ed o para sus familiares y quienes lo har\u00e1n para agradecer, tambi\u00e9n ir\u00e1n en busca de la providencia unos 140 puesteros de venta ambulante con sus cl\u00e1sicos souvenirs: espigas, velas, flores, calendarios, estampitas, rosarios, bolsitas de la fortuna, juguetes y novedades, sin contar con la oferta gastron\u00f3mica de ocasi\u00f3n: desde choripanes hasta helados y gaseosas.<\/p>\n<p>Seg\u00fan adelant\u00f3 ayer el subsecretario de Control y Convivencia del municipio, Guillermo Turr\u00edn, la cantidad de anotados para participar de la venta callejera en los puestos ubicados alrededor del templo, 140, no muestra variaci\u00f3n respecto de otros a\u00f1os. Pero habr\u00e1 que ver, luego, si no se suma gente con mercader\u00eda en forma ambulante.<\/p>\n<p>Como sea, la Municipalidad tiene previsto un operativo de tr\u00e1nsito y control para la jornada.<\/p>\n<p>Desde medianoche, Buenos Aires qued\u00f3 cerrada a la circulaci\u00f3n de veh\u00edculos entre La Paz e Ituzaing\u00f3. Tampoco se puede pasar por Riobamba entre Juan Manuel de Rosas y Laprida. Y a la hora de la procesi\u00f3n, que promete salir de la parroquia puntualmente a las 15 llevando a la imagen de San Cayetano, tambi\u00e9n se cerrar\u00e1 el tr\u00e1nsito por Ituzaing\u00f3, de Juan Manuel de Rosas a la plaza Libertad.<\/p>\n<p>Al t\u00e9rmino de la peregrinaci\u00f3n, al llegar a la esquina nordeste de esa plaza, est\u00e1 previsto que monse\u00f1or Mart\u00edn presida la misa de campa\u00f1a a las 15.30. Habr\u00e1 que ver qu\u00e9 pasa con el clima, ya que a esa misma hora la mayor\u00eda de los sitios de pron\u00f3stico, al menos ayer, contemplaba la posibilidad de lluvias y hasta tormentas.<\/p>\n<p>En su p\u00e1gina de Facebook, la parroquia de San Cayetano pide colaboraci\u00f3n con C\u00e1ritas llevando yerba, leche en polvo, arroz, harina y aceite, as\u00ed como ropa lavada y en buen estado.<\/p>\n<h6>Fuente: La Capital Rosario<\/h6>\n","protected":false},"excerpt":{"rendered":"<p>Alrededor del templo de Buenos Aires al 2100 habr\u00e1 140 puestos. A las 15 sale la procesi\u00f3n para la misa que en la plaza Libertad presidir\u00e1 Mart\u00edn<\/p>\n","protected":false},"author":2,"featured_media":66287,"comment_status":"closed","ping_status":"closed","sticky":false,"template":"","format":"standard","meta":{"footnotes":""},"categories":[2],"tags":[10],"class_list":["post-66286","post","type-post","status-publish","format-standard","has-post-thumbnail","hentry","category-informe-municipal","tag-santa-fe"],"_links":{"self":[{"href":"http:\/\/argentinamunicipal.com.ar\/argentina\/wp-json\/wp\/v2\/posts\/66286","targetHints":{"allow":["GET"]}}],"collection":[{"href":"http:\/\/argentinamunicipal.com.ar\/argentina\/wp-json\/wp\/v2\/posts"}],"about":[{"href":"http:\/\/argentinamunicipal.com.ar\/argentina\/wp-json\/wp\/v2\/types\/post"}],"author":[{"embeddable":true,"href":"http:\/\/argentinamunicipal.com.ar\/argentina\/wp-json\/wp\/v2\/users\/2"}],"replies":[{"embeddable":true,"href":"http:\/\/argentinamunicipal.com.ar\/argentina\/wp-json\/wp\/v2\/comments?post=66286"}],"version-history":[{"count":0,"href":"http:\/\/argentinamunicipal.com.ar\/argentina\/wp-json\/wp\/v2\/posts\/66286\/revisions"}],"wp:featuredmedia":[{"embeddable":true,"href":"http:\/\/argentinamunicipal.com.ar\/argentina\/wp-json\/wp\/v2\/media\/66287"}],"wp:attachment":[{"href":"http:\/\/argentinamunicipal.com.ar\/argentina\/wp-json\/wp\/v2\/media?parent=66286"}],"wp:term":[{"taxonomy":"category","embeddable":true,"href":"http:\/\/argentinamunicipal.com.ar\/argentina\/wp-json\/wp\/v2\/categories?post=66286"},{"taxonomy":"post_tag","embeddable":true,"href":"http:\/\/argentinamunicipal.com.ar\/argentina\/wp-json\/wp\/v2\/tags?post=66286"}],"curies":[{"name":"wp","href":"https:\/\/api.w.org\/{rel}","templated":true}]}}