{"id":66289,"date":"2017-08-07T05:47:44","date_gmt":"2017-08-07T08:47:44","guid":{"rendered":"http:\/\/argentinamunicipal.com.ar\/argentina\/?p=66289"},"modified":"2017-08-07T07:49:37","modified_gmt":"2017-08-07T10:49:37","slug":"encaran-la-erradicacion-basurales-cielo-abierto-firmat-la-zona","status":"publish","type":"post","link":"http:\/\/argentinamunicipal.com.ar\/argentina\/encaran-la-erradicacion-basurales-cielo-abierto-firmat-la-zona\/","title":{"rendered":"Encaran la erradicaci\u00f3n de basurales a cielo abierto en Firmat y la zona"},"content":{"rendered":"<p>La iniciativa, que adem\u00e1s involucra a Cafferata, Villada, Godeken, Beraber\u00fa y Ca\u00f1ada del Ucle, se enmarca en el programa Girsu<\/p>\n<p>Tras su debut en Cha\u00f1ar Ladeado y su periplo por Los Quirquinchos, la Municipalidad de Firmat recibi\u00f3 y ya puso a prueba un equipo enfardador m\u00f3vil de residuos s\u00f3lidos urbanos que destin\u00f3 la provincia para llevar adelante una suerte de experiencia piloto compartida entre localidades de la zona que buscan erradicar sus basurales a cielo abierto.La iniciativa involucra al consorcio de la denominada Microrregi\u00f3n 5 que, adem\u00e1s de los mencionados distritos, tambi\u00e9n integran Cafferata, Villada, Godeken, Berabev\u00fa y Ca\u00f1ada del Ucle, y se enmarca en el programa provincial Gesti\u00f3n Integral de Residuos S\u00f3lidos Urbanos (Girsu), que fue dise\u00f1ado para resolver esta problem\u00e1tica en forma conjunta e integral.<\/p>\n<p><strong>Planta de tratamiento<\/strong><\/p>\n<p>A esta iniciativa se suma otra, ya que el gobierno firmatense avanza en gestiones para lograr la instalaci\u00f3n de una planta de tratamiento y disposici\u00f3n final de residuos para la ciudad y, en ese contexto, se encuentran previstos reuniones con autoridades de la provincia.<\/p>\n<p>De concretarse la obra de la planta de tratamiento de desechos se dar\u00eda un paso clave para responder al concepto de \u00abBasura Cero\u00bb, que destaca la ley N\u00ba 13.055 como principio fundamental para la gesti\u00f3n de los residuos s\u00f3lidos urbanos, apuntado fundamentalmente desde una perspectiva regional.<\/p>\n<p>Mientras tanto, la actual coyuntura se encuentra enfocada ahora en la contribuci\u00f3n que implica, en tal sentido, la m\u00e1quina enfardadora de basura, que desembarc\u00f3 en la ciudad de Firmat para continuar desarrollando el proceso experimental que ya arranc\u00f3, con \u00e9xito, en la localidad de Cha\u00f1ar Ladeado.<\/p>\n<p><strong>Cinco tonelada por hora<\/strong><\/p>\n<p>El equipo, que fue desarrollado por t\u00e9cnicos del Ministerio de Medio Ambiente y de la empresa Deisa, es \u00fanico en su tipo y tiene una capacidad m\u00ednima de procesamiento de cinco toneladas por hora. Y cada fardo que arma equivale al volumen de residuos producido por 800 habitantes.<\/p>\n<p>La m\u00e1quina tiene una pala mec\u00e1nica para manejar los residuos y una tolva con cinta transportadora a trav\u00e9s de la cual se inspecciona y eliminan elementos cortantes.<\/p>\n<p><strong>Beneficios para el ambiente<\/strong><\/p>\n<p>Una vez procesados, los residuos salen prensados, compactados y embolsados, lo que implica beneficios concretos para el medio ambiente ya que permite eliminar l\u00edquidos, no genera voladuras (de desechos), evita incendios as\u00ed como la proliferaci\u00f3n de vectores y la contaminaci\u00f3n de napas.<\/p>\n<p>Los secretarios de Servicios P\u00fablicos, Claudio Garziera, y de Producci\u00f3n, Silvina Arcangioli, estuvieron presentes tanto en las pruebas del equipo como en el inicio de la capacitaci\u00f3n del personal municipal que lo tendr\u00e1 a cargo.<\/p>\n<p>\u00abEl proyecto est\u00e1 orientado a resolver la disposici\u00f3n final de los residuos, contribuyendo a erradicar los basurales a cielo abierto\u00bb, explicaron desde el consorcio, presidido por el intendente firmatense, Leonel Maximino.<\/p>\n<h6>Fuente: La Capital Rosario<\/h6>\n","protected":false},"excerpt":{"rendered":"<p>La iniciativa, que adem\u00e1s involucra a Cafferata, Villada, Godeken, Beraber\u00fa y Ca\u00f1ada del Ucle, se enmarca en el programa Girsu<\/p>\n","protected":false},"author":2,"featured_media":66290,"comment_status":"closed","ping_status":"closed","sticky":false,"template":"","format":"standard","meta":{"footnotes":""},"categories":[2],"tags":[10],"class_list":["post-66289","post","type-post","status-publish","format-standard","has-post-thumbnail","hentry","category-informe-municipal","tag-santa-fe"],"_links":{"self":[{"href":"http:\/\/argentinamunicipal.com.ar\/argentina\/wp-json\/wp\/v2\/posts\/66289","targetHints":{"allow":["GET"]}}],"collection":[{"href":"http:\/\/argentinamunicipal.com.ar\/argentina\/wp-json\/wp\/v2\/posts"}],"about":[{"href":"http:\/\/argentinamunicipal.com.ar\/argentina\/wp-json\/wp\/v2\/types\/post"}],"author":[{"embeddable":true,"href":"http:\/\/argentinamunicipal.com.ar\/argentina\/wp-json\/wp\/v2\/users\/2"}],"replies":[{"embeddable":true,"href":"http:\/\/argentinamunicipal.com.ar\/argentina\/wp-json\/wp\/v2\/comments?post=66289"}],"version-history":[{"count":0,"href":"http:\/\/argentinamunicipal.com.ar\/argentina\/wp-json\/wp\/v2\/posts\/66289\/revisions"}],"wp:featuredmedia":[{"embeddable":true,"href":"http:\/\/argentinamunicipal.com.ar\/argentina\/wp-json\/wp\/v2\/media\/66290"}],"wp:attachment":[{"href":"http:\/\/argentinamunicipal.com.ar\/argentina\/wp-json\/wp\/v2\/media?parent=66289"}],"wp:term":[{"taxonomy":"category","embeddable":true,"href":"http:\/\/argentinamunicipal.com.ar\/argentina\/wp-json\/wp\/v2\/categories?post=66289"},{"taxonomy":"post_tag","embeddable":true,"href":"http:\/\/argentinamunicipal.com.ar\/argentina\/wp-json\/wp\/v2\/tags?post=66289"}],"curies":[{"name":"wp","href":"https:\/\/api.w.org\/{rel}","templated":true}]}}