{"id":66301,"date":"2017-08-07T08:12:41","date_gmt":"2017-08-07T11:12:41","guid":{"rendered":"http:\/\/argentinamunicipal.com.ar\/argentina\/?p=66301"},"modified":"2017-08-07T08:12:41","modified_gmt":"2017-08-07T11:12:41","slug":"intendente-entrerriano-elige-no-arrodillarse-ante-pro","status":"publish","type":"post","link":"http:\/\/argentinamunicipal.com.ar\/argentina\/intendente-entrerriano-elige-no-arrodillarse-ante-pro\/","title":{"rendered":"El intendente entrerriano que \u00abelige no arrodillarse ante el Pro\u00bb"},"content":{"rendered":"<p>Se trata de Fabi\u00e1n Murilla, que recibi\u00f3 a la precandidata a diputada por Cambiemos, Gracia Jaroslavsky, y se convirti\u00f3 en el primer jefe comunal en respaldarla p\u00fablicamente. En un acto, criticaron duramente a Frigerio.<\/p>\n<p>El Intendente de Ibicuy recibi\u00f3 este s\u00e1bado a la precandidata de Cambiemos por la Lista 502 B-Renovaci\u00f3n, Gracia Jaroslavsky y, de este modo, se convirti\u00f3 en el primer jefe comunal entrerriano en desafiar al oficialismo nacional de Cambiemos que baj\u00f3 l\u00ednea para que se apoye a la lista que encabeza Atilio Benedetti.<\/p>\n<p>\u00abAcompa\u00f1o a Gracia porque los otros no me representan y ella decidi\u00f3 hacer valer la historia del radicalismo\u00bb, sostuvo Murilla en el marco de un acto que organiz\u00f3 para darle la bienvenida a Jaroslavsky. Luego critic\u00f3 a \u00abla columna vertebral del partido\u00bb y cuestion\u00f3 el modo en el que manej\u00f3 su relaci\u00f3n con el PRO.<\/p>\n<p>\u00abLos dem\u00e1s intendentes decidieron alinearse con la lista de Benedetti, pero no comparto esa idea ni la orden que quisieron imponer desde Buenos Aires porque ellos jam\u00e1s me representaron. Elijo no arrodillarme ante el PRO\u00bb, enfatiz\u00f3 Murilla, quien asegur\u00f3 no temer a posibles represalias: \u00abQu\u00e9 me van a sacar si nunca me dieron nada\u00bb.<\/p>\n<p>Por su parte, la precandidata Gracia Jaroslavsky afirm\u00f3: \u00abEstoy ac\u00e1 por Fabi\u00e1n (Murilla), por este intendente que se sabe poner de pie, que no se arrodilla, lo cual me hace acordar mucho a mi viejo, el Chacho Jaroslavsky\u00bb.<\/p>\n<p>\u00abFabi\u00e1n es el entrerriano que todos nosotros tenemos en el coraz\u00f3n. Este hombre no se arrodilla, la pelea y se la juega. Siempre voy a estar con el que no se arrodilla. Es un orgullo que un tipo se pare frente a su pueblo, se ponga el pueblo al hombro y vaya para adelante con dignidad\u00bb, expres\u00f3, seg\u00fan se indica en un comunicado enviado a esta Agencia.<\/p>\n<p>Luego cuestion\u00f3 a \u00abla pol\u00edtica que viene ya embalada\u00bb y se dirigi\u00f3 a los presentes diciendo: \u00abUstedes tienen ac\u00e1 cerca a un muchacho que es Ministro de Interior de la Naci\u00f3n, que se llama Rogelio Frigerio, y que es el cabal representante de esta pol\u00edtica moderna que quiere imponer todo desde Buenos Aires\u00bb.<\/p>\n<p>M\u00e1s tarde cont\u00f3 c\u00f3mo se conform\u00f3 la propuesta electoral por la que es precandidata: \u00abNos empezamos a juntar hace m\u00e1s de un a\u00f1o y nos dimos cuenta de que el radicalismo estaba vivo y que pod\u00edamos ser la voz de los que nadie escucha. Pensamos que este proceso electoral era una buena oportunidad para participar, pero un d\u00eda Frigerio se encerr\u00f3 en un hotel cinco estrellas de Paran\u00e1, inform\u00f3 que sus candidatos eran tales y cerr\u00f3 todo tipo de di\u00e1logo. Fue ah\u00ed que decidimos presentar otra lista, despu\u00e9s vinieron los aprietes para que nos baj\u00e1ramos\u00bb.<\/p>\n<p>\u00abEl radicalismo es el sost\u00e9n de Cambiemos en la provincia de Entre R\u00edos y en todo el pa\u00eds, salvo en la ciudad de Buenos Aires. El PRO no existe sin el radicalismo y tenemos que hacernos carne de eso para hacernos o\u00edr y evitar que los que tienen tel\u00e9fono con 011 definan todo desde all\u00e1\u00bb, enfatiz\u00f3 Gracia Jaroslavsky, quien inst\u00f3 al radicalismo a \u00abhacerse respetar para que este centenario partido no termine bajo las alas de cuatro jerarcas porte\u00f1os\u00bb.<\/p>\n<p>Finalmente adelant\u00f3 que en el Congreso de la Naci\u00f3n se vienen discusiones muy importantes en torno a la reforma laboral y a la tributaria, y consider\u00f3 que \u00abes necesario estar atentos para que esos cambios se realicen con un esp\u00edritu social\u00bb.<\/p>\n<p>En este sentido, afirm\u00f3: \u00abLes aseguro que no voy a ir al Congreso a levantar la mano para votar cualquier cosa que vaya en contra de una econom\u00eda federal e inclusiva. Si ustedes quieren a alguien que vaya a levantar la mano a todo, voten a Benedetti\u00bb.<\/p>\n<p>\u00abNo somos genuflexos como Rogel\u00bb<\/p>\n<p>Por su parte, el congresal radical Sergio Solari marc\u00f3 las diferencias con los representantes de la lista \u00abque se arm\u00f3 desde Buenos Aires\u00bb y sostuvo: \u00abHay ciertas actitudes y conductas que nos diferencian de otros radicales. No somos iguales a Atilio Benedetti, no somos genuflexos como Fabi\u00e1n Rogel. Esto no quiere decir que ellos sean malas personas, pero est\u00e1 claro que somos muy distintos\u00bb.<\/p>\n<p>Luego resalt\u00f3 que \u00abGracia Jaroslavsky ha logrado unificar la dignidad de muchos\u00bb y destac\u00f3 el d\u00eda \u00aben el que nos dimos cuenta que est\u00e1bamos a punto de entregar el partido a este porte\u00f1ito disfrazado de entrerriano y decidimos presentar nuestra propia lista\u00bb.<\/p>\n<p>M\u00e1s tarde destac\u00f3 la valent\u00eda del intendente Fabi\u00e1n Murilla, que \u00abno entreg\u00f3 126 a\u00f1os de historia radical por cien metros de cord\u00f3n cuneta\u00bb.<\/p>\n<p>Finalmente critic\u00f3 la posibilidad de que el presidente de la Sociedad Rural, Luis Miguel Etchevehere, sea Ministro de Agroindustria de la Naci\u00f3n: \u00abEs el m\u00e1s rancio representante de la oligarqu\u00eda, de esos mismos que silbaron a Alfons\u00edn y aplaudieron a Ongan\u00eda en la SRA\u00bb.<\/p>\n<p>Por \u00faltimo, el exlegislador provincial Luis Kirpach, que tambi\u00e9n estuvo en el acto realizado en Ibicuy, resalt\u00f3 \u00abla calidez, sinceridad, capacidad y autenticidad de Gracia Jaroslavsky\u00bb y asever\u00f3: \u00abNos enorgullece poder acompa\u00f1arla\u00bb.<\/p>\n<h6>Fuente: El Once<\/h6>\n","protected":false},"excerpt":{"rendered":"<p>Se trata de Fabi\u00e1n Murilla, que recibi\u00f3 a la precandidata a diputada por Cambiemos, Gracia Jaroslavsky, y se convirti\u00f3 en el primer jefe comunal en respaldarla p\u00fablicamente. En un acto, criticaron duramente a Frigerio.<\/p>\n","protected":false},"author":2,"featured_media":66302,"comment_status":"closed","ping_status":"closed","sticky":false,"template":"","format":"standard","meta":{"footnotes":""},"categories":[4],"tags":[17],"class_list":["post-66301","post","type-post","status-publish","format-standard","has-post-thumbnail","hentry","category-informe-politico","tag-entre-rios"],"_links":{"self":[{"href":"http:\/\/argentinamunicipal.com.ar\/argentina\/wp-json\/wp\/v2\/posts\/66301","targetHints":{"allow":["GET"]}}],"collection":[{"href":"http:\/\/argentinamunicipal.com.ar\/argentina\/wp-json\/wp\/v2\/posts"}],"about":[{"href":"http:\/\/argentinamunicipal.com.ar\/argentina\/wp-json\/wp\/v2\/types\/post"}],"author":[{"embeddable":true,"href":"http:\/\/argentinamunicipal.com.ar\/argentina\/wp-json\/wp\/v2\/users\/2"}],"replies":[{"embeddable":true,"href":"http:\/\/argentinamunicipal.com.ar\/argentina\/wp-json\/wp\/v2\/comments?post=66301"}],"version-history":[{"count":0,"href":"http:\/\/argentinamunicipal.com.ar\/argentina\/wp-json\/wp\/v2\/posts\/66301\/revisions"}],"wp:featuredmedia":[{"embeddable":true,"href":"http:\/\/argentinamunicipal.com.ar\/argentina\/wp-json\/wp\/v2\/media\/66302"}],"wp:attachment":[{"href":"http:\/\/argentinamunicipal.com.ar\/argentina\/wp-json\/wp\/v2\/media?parent=66301"}],"wp:term":[{"taxonomy":"category","embeddable":true,"href":"http:\/\/argentinamunicipal.com.ar\/argentina\/wp-json\/wp\/v2\/categories?post=66301"},{"taxonomy":"post_tag","embeddable":true,"href":"http:\/\/argentinamunicipal.com.ar\/argentina\/wp-json\/wp\/v2\/tags?post=66301"}],"curies":[{"name":"wp","href":"https:\/\/api.w.org\/{rel}","templated":true}]}}