{"id":66334,"date":"2017-08-08T07:36:09","date_gmt":"2017-08-08T10:36:09","guid":{"rendered":"http:\/\/argentinamunicipal.com.ar\/argentina\/?p=66334"},"modified":"2017-08-08T07:36:09","modified_gmt":"2017-08-08T10:36:09","slug":"canada-gomez-alertan-aumento-la-importacion-muebles","status":"publish","type":"post","link":"http:\/\/argentinamunicipal.com.ar\/argentina\/canada-gomez-alertan-aumento-la-importacion-muebles\/","title":{"rendered":"Ca\u00f1ada de G\u00f3mez: alertan por el aumento de la importaci\u00f3n de muebles"},"content":{"rendered":"<p>Desde las \u00e1reas oficiales de promoci\u00f3n de la industria se advierte sobre el peligro que corren m\u00e1s de 3.000 puestos de trabajo<\/p>\n<p>Desde la Secretar\u00eda de Producci\u00f3n de la Munipalidad de Ca\u00f1ada de G\u00f3mez alertaron que el aumento de la importaci\u00f3n de muebles desde el vecino Brasil y desde China ponen en serio riesgo a la industria maderera local. Destacaron que por esta modalidad de negocio peligran hoy en la ciudad y su zona unas 3.000 fuentes de trabajo.<\/p>\n<p>El diputado provincial por el Frente Progresista, C\u00edvico y Social (FPCyS), Joaqu\u00edn Blanco, expres\u00f3 su preocupaci\u00f3n ante la crisis que atraviesa el sector de la industria nacional de la madera en general y que afecta en forma directa a la provincia de Santa Fe \u2014que en la actualidad representa el 21 por ciento de las empresas del sector sobre el total nacional\u2014, especialmente a algunas localidades como Ca\u00f1ada de G\u00f3mez, Esperanza, Uranga y Alvarez.<\/p>\n<p>Al respecto, el legislador se\u00f1al\u00f3 que \u00abestas ciudades, que son dos de los principales puntos de fabricaci\u00f3n de muebles de madera del pa\u00eds, se ven jaqueadas ante la producci\u00f3n que ingresa desde Brasil y China\u00bb.<\/p>\n<p><strong>Observatorio<\/strong><\/p>\n<p>Seg\u00fan datos oficiales aportados por el Observatorio de Importaciones de la provincia de Santa Fe, durante el primer semestre del 2017, la importaci\u00f3n de muebles de madera aument\u00f3 un 112 por ciento, comparado con igual per\u00edodo del 2015.<\/p>\n<p>Por su parte, la Secretar\u00eda de Producci\u00f3n de Ca\u00f1ada de G\u00f3mez difundi\u00f3 que \u00aben 2016 se importaron muebles por 15.159.272 d\u00f3lares, un 53 por ciento m\u00e1s que en 2015, cuando se import\u00f3 por 9.875.070 d\u00f3lares.<\/p>\n<p>Los datos de 2017 van en la misma direcci\u00f3n: entre enero y junio, ingresaron muebles terminados por 6.844.825 d\u00f3lares\u00bb.<\/p>\n<p>Seg\u00fan el diputado Blanco \u00abesta es una situaci\u00f3n que ya no sorprende, lo mismo padecen las f\u00e1bricas de calzado y otros sectores claves en el desarrollo industrial de nuestra provincia, en relaci\u00f3n a lo cual nos venimos expresando con gran preocupaci\u00f3n tanto desde la Legislatura como desde el Ejecutivo\u00bb.<\/p>\n<p>El legislador socialista solicit\u00f3 que el Ministerio de Producci\u00f3n de la Naci\u00f3n arbitre las medidas necesarias para el fortalecimiento de las econom\u00edas regionales y las peque\u00f1as y medianas empresas, que se quedan sin herramientas ante los sectores m\u00e1s concentrados y la apertura indiscriminada a las importaciones.<\/p>\n<p>\u00abHay cinco o seis empresas importadoras que sacan r\u00e9dito en detrimento de otras miles que est\u00e1n haciendo lo posible para sostener los puestos laborales, pero ya no hay m\u00e1s horas extras, muchos contratos no se renuevan, el poder adquisitivo de los trabajadores repercute en el consumo y, por lo tanto, en la actividad de los diferentes rubros de las econom\u00edas locales\u00bb, concluy\u00f3.<\/p>\n<h6>Fuente: La Capital Rosario<\/h6>\n","protected":false},"excerpt":{"rendered":"<p>Desde las \u00e1reas oficiales de promoci\u00f3n de la industria se advierte sobre el peligro que corren m\u00e1s de 3.000 puestos de trabajo<\/p>\n","protected":false},"author":2,"featured_media":66335,"comment_status":"closed","ping_status":"closed","sticky":false,"template":"","format":"standard","meta":{"footnotes":""},"categories":[2],"tags":[10],"class_list":["post-66334","post","type-post","status-publish","format-standard","has-post-thumbnail","hentry","category-informe-municipal","tag-santa-fe"],"_links":{"self":[{"href":"http:\/\/argentinamunicipal.com.ar\/argentina\/wp-json\/wp\/v2\/posts\/66334","targetHints":{"allow":["GET"]}}],"collection":[{"href":"http:\/\/argentinamunicipal.com.ar\/argentina\/wp-json\/wp\/v2\/posts"}],"about":[{"href":"http:\/\/argentinamunicipal.com.ar\/argentina\/wp-json\/wp\/v2\/types\/post"}],"author":[{"embeddable":true,"href":"http:\/\/argentinamunicipal.com.ar\/argentina\/wp-json\/wp\/v2\/users\/2"}],"replies":[{"embeddable":true,"href":"http:\/\/argentinamunicipal.com.ar\/argentina\/wp-json\/wp\/v2\/comments?post=66334"}],"version-history":[{"count":0,"href":"http:\/\/argentinamunicipal.com.ar\/argentina\/wp-json\/wp\/v2\/posts\/66334\/revisions"}],"wp:featuredmedia":[{"embeddable":true,"href":"http:\/\/argentinamunicipal.com.ar\/argentina\/wp-json\/wp\/v2\/media\/66335"}],"wp:attachment":[{"href":"http:\/\/argentinamunicipal.com.ar\/argentina\/wp-json\/wp\/v2\/media?parent=66334"}],"wp:term":[{"taxonomy":"category","embeddable":true,"href":"http:\/\/argentinamunicipal.com.ar\/argentina\/wp-json\/wp\/v2\/categories?post=66334"},{"taxonomy":"post_tag","embeddable":true,"href":"http:\/\/argentinamunicipal.com.ar\/argentina\/wp-json\/wp\/v2\/tags?post=66334"}],"curies":[{"name":"wp","href":"https:\/\/api.w.org\/{rel}","templated":true}]}}