{"id":66340,"date":"2017-08-08T06:00:26","date_gmt":"2017-08-08T09:00:26","guid":{"rendered":"http:\/\/argentinamunicipal.com.ar\/argentina\/?p=66340"},"modified":"2017-08-08T07:49:36","modified_gmt":"2017-08-08T10:49:36","slug":"ano-medio-se-perdieron-8-127-empleos-rios","status":"publish","type":"post","link":"http:\/\/argentinamunicipal.com.ar\/argentina\/ano-medio-se-perdieron-8-127-empleos-rios\/","title":{"rendered":"En un a\u00f1o y medio se perdieron 8.127 empleos en\u00a0Entre R\u00edos"},"content":{"rendered":"<p>Crisis. El secretario de Trabajo manifest\u00f3 su preocupaci\u00f3n por la realidad laboral. La construcci\u00f3n fue el sector m\u00e1s afectado, pero el impacto alcanz\u00f3 todos los rubros privados. Hoy habr\u00e1 audiencia de conciliaci\u00f3n por Carrefour<\/p>\n<p>\u00abLa situaci\u00f3n es muy preocupante, porque desde principios de 2016 se perdieron en la provincia 8.127 puestos de trabajo en el sector privado, y no se observa a\u00fan ninguna recuperaci\u00f3n de empleos\u00bb, manifest\u00f3 ayer a UNO el secretario de Trabajo, Oscar Balla.<\/p>\n<p>El funcionario bas\u00f3 las cifras en las estad\u00edsticas oficiales brindadas por el gobierno nacional, a quien responsabiliz\u00f3 por el ajuste que se registra en el mercado laboral. El n\u00famero toma mayor magnitud si se complementa con el dato aportado por UNO en su edici\u00f3n del s\u00e1bado, respecto de que por a\u00f1o se suman a la Poblaci\u00f3n Econ\u00f3micamente Activa en la provincia unas 8.000 personas. Ello grafica de modo m\u00e1s elocuente el impacto que tiene la falta de recuperaci\u00f3n de empleos.<\/p>\n<p>En una jornada como hoy, donde el centro de la escena p\u00fablica ser\u00e1 dominada por San Cayetano, el santo del pan y del trabajo, y en la que su convocatoria suele convertirse en una muestra de c\u00f3mo est\u00e1 la realidad laboral, se concretar\u00e1 una audiencia de conciliaci\u00f3n entre el sector patronal y el gremio mercantil paranaense para tratar de frenar los 50\u00a0despidos\u00a0que pretende concretar la firma Carrefour en la capital provincial.<\/p>\n<p>La realidad muestra las dificultades existentes en un mercado laboral que no solo no demanda mano de obra, sino que tambi\u00e9n exhibe permanentemente conflictos en los distintos rubros. Por ejemplo el sector av\u00edcola, uno de los mayores generadores de trabajo en Entre R\u00edos, a\u00fan no ha incrementado las cifras de p\u00e9rdidas de\u00a0empleo\u00a0debido a que desde hace poco menos de un mes se comenzaron a instrumentar medidas de merma de producci\u00f3n y adelanto de vacaciones hasta tanto se puedan observar mejoras en el nivel de actividad del sector, afectado no solo por la ca\u00edda del consumo interno sino tambi\u00e9n por las importaciones y por los altos costos operativos, marcados por incrementos de tarifas de servicios y de insumos para la producci\u00f3n.<\/p>\n<p>Los m\u00e1s de 8.000 puestos de trabajo corresponden al sector privado. En ese marco, Balla confirm\u00f3 que la m\u00e1s afectada fue la construcci\u00f3n, con unos 2.000 trabajadores menos. Sin embargo, marc\u00f3 que el ajuste se observa en el sector comercial, hotelero y tur\u00edstico.<\/p>\n<p>\u00abLa obra p\u00fablica, que genera dinamismo en el resto de los sectores de la econom\u00eda, en Entre R\u00edos est\u00e1 sostenida solo por el Estado provincial\u00bb, explic\u00f3 Balla, al remarcar que el gobierno nacional no ha tenido acciones en territorio entrerriano. De hecho, una de las pocas obras significativas por su magnitud, con\u00a0financiamiento\u00a0nacional es la construcci\u00f3n de la autov\u00eda de la ruta nacional 18, en marcha desde hace varios a\u00f1os, que sufri\u00f3 recientemente una par\u00e1lisis y puso en vilo a casi 150 empleos en Viale. Una renegociaci\u00f3n contractual reanud\u00f3 por ahora los trabajos. \u00abEsperemos que el gobierno nacional modifique el rumbo de sus pol\u00edticas, particularmente por lo que est\u00e1 sucediendo con las distintas econom\u00edas regionales\u00bb, insisti\u00f3.<\/p>\n<p><strong>Reuni\u00f3n para evitar unos 50 despidos<\/strong><\/p>\n<p>Luego de asambleas realizadas en las distintas sucursales de la empresa Carrefour, y el pedido de intervenci\u00f3n a la cartera laboral por parte del Sindicato de Empleados de Comercio, se convoc\u00f3 para hoy a la ma\u00f1ana a una audiencia de conciliaci\u00f3n que evite que unos 50 trabajadores paranaenses queden en la calle.<\/p>\n<p>Balla confirm\u00f3 ayer que la firma pretende reducir su planta de personal, afectando particularmente a aquellos trabajadores de 50 a 55 a\u00f1os: \u00abEs un segmento que dif\u00edcilmente, por la realidad que vivimos, pueda volver a insertarse en el mercado laboral\u00bb, plante\u00f3.<\/p>\n<p>El funcionario indic\u00f3 que el sector patronal fue notificado en la semana para la convocatoria, y en caso de ausencia es pasible de multas y sanciones.<\/p>\n<p>Y se\u00f1al\u00f3 que la firma multinacional no realiz\u00f3 previamente notificaciones o pedidos de ingresos a procedimientos de crisis, que fundamenten adoptar una medida de este tipo, con fuerte impacto en la realidad social de Paran\u00e1.<\/p>\n<h6>Fuente: Uno Entre R\u00edos<\/h6>\n","protected":false},"excerpt":{"rendered":"<p>Crisis. El secretario de Trabajo manifest\u00f3 su preocupaci\u00f3n por la realidad laboral. La construcci\u00f3n fue el sector m\u00e1s afectado, pero el impacto alcanz\u00f3 todos los rubros privados. Hoy habr\u00e1 audiencia de conciliaci\u00f3n por Carrefour<\/p>\n","protected":false},"author":2,"featured_media":66341,"comment_status":"closed","ping_status":"closed","sticky":false,"template":"","format":"standard","meta":{"footnotes":""},"categories":[65],"tags":[17],"class_list":["post-66340","post","type-post","status-publish","format-standard","has-post-thumbnail","hentry","category-provincias","tag-entre-rios"],"_links":{"self":[{"href":"http:\/\/argentinamunicipal.com.ar\/argentina\/wp-json\/wp\/v2\/posts\/66340","targetHints":{"allow":["GET"]}}],"collection":[{"href":"http:\/\/argentinamunicipal.com.ar\/argentina\/wp-json\/wp\/v2\/posts"}],"about":[{"href":"http:\/\/argentinamunicipal.com.ar\/argentina\/wp-json\/wp\/v2\/types\/post"}],"author":[{"embeddable":true,"href":"http:\/\/argentinamunicipal.com.ar\/argentina\/wp-json\/wp\/v2\/users\/2"}],"replies":[{"embeddable":true,"href":"http:\/\/argentinamunicipal.com.ar\/argentina\/wp-json\/wp\/v2\/comments?post=66340"}],"version-history":[{"count":0,"href":"http:\/\/argentinamunicipal.com.ar\/argentina\/wp-json\/wp\/v2\/posts\/66340\/revisions"}],"wp:featuredmedia":[{"embeddable":true,"href":"http:\/\/argentinamunicipal.com.ar\/argentina\/wp-json\/wp\/v2\/media\/66341"}],"wp:attachment":[{"href":"http:\/\/argentinamunicipal.com.ar\/argentina\/wp-json\/wp\/v2\/media?parent=66340"}],"wp:term":[{"taxonomy":"category","embeddable":true,"href":"http:\/\/argentinamunicipal.com.ar\/argentina\/wp-json\/wp\/v2\/categories?post=66340"},{"taxonomy":"post_tag","embeddable":true,"href":"http:\/\/argentinamunicipal.com.ar\/argentina\/wp-json\/wp\/v2\/tags?post=66340"}],"curies":[{"name":"wp","href":"https:\/\/api.w.org\/{rel}","templated":true}]}}