{"id":66343,"date":"2017-08-08T05:50:19","date_gmt":"2017-08-08T08:50:19","guid":{"rendered":"http:\/\/argentinamunicipal.com.ar\/argentina\/?p=66343"},"modified":"2017-08-08T07:53:06","modified_gmt":"2017-08-08T10:53:06","slug":"la-asamblea-ciudadana-parana-propone-cambios-la-ordenanza-regula-comisiones-vecinales","status":"publish","type":"post","link":"http:\/\/argentinamunicipal.com.ar\/argentina\/la-asamblea-ciudadana-parana-propone-cambios-la-ordenanza-regula-comisiones-vecinales\/","title":{"rendered":"La Asamblea Ciudadana de Paran\u00e1 propone cambios en la ordenanza que regula a comisiones vecinales\u00a0"},"content":{"rendered":"<p>La Asamblea Ciudadana volver\u00e1 a reunirse este lunes por la noche para presentar, entre otros puntos, la propuesta\u00a0 de reforma de la ordenanza N\u00ba 8311 que regula la actividad en las comisiones vecinales \u2022 Los cambios fueron gestados en el marco de la propia organizaci\u00f3n barrial \u2022 Los servicios b\u00e1sicos y el transporte urbano, son los otros temas en agenda, seg\u00fan se inform\u00f3 a APFDigital<\/p>\n<p>\u201cConvocamos a los vecinos a participar de la reuni\u00f3n a realizarse este lunes 7 de agosto a las 20 en el sal\u00f3n de Vecinal Santa Luc\u00eda sito en calle De Bueno 249\u201d, dice la invitaci\u00f3n de la organizaci\u00f3n.<\/p>\n<p>Detalla como puntos a tratar \u201cla presentaci\u00f3n de nuestra propuesta de modificaci\u00f3n de la Ordenanza 8311 de Comisiones Vecinales, invitando a todas las vecinales y ciudadanos que deseen suscribir la misma, para fortalecer el nexo vecinos-funcionarios, tanto respecto a la informaci\u00f3n como al control de la gesti\u00f3n municipal\u201d y en segundo lugar \u201cla situaci\u00f3n de los servicios b\u00e1sicos y del Transporte Urbano de Pasajeros\u201d.<\/p>\n<p>Cabe recordar que los cambios en la ordenanza surgieron a propuesta de los propios vecinos en el marco de las asambleas que vienen realziando todos los lunes. Con el proyecto finalizado, buscar\u00e1n la adhesi\u00f3n de los ediles en el Concejo Deliberante paranaense.<\/p>\n<p>En lo que respecta a servicios, los pobladores vienen advirtiendo \u201cla deficiente prestaci\u00f3n que est\u00e1n realizando las empresas de Transporte Urbano de Pasajeros en nuestra ciudad\u201d y \u201cse contin\u00faa con la falta de mayor frecuencia de Lunes a Viernes y los fines de semana hay espera de hasta una hora en horarios normales\u201d.<\/p>\n<h6>Fuente: APFDigital<\/h6>\n","protected":false},"excerpt":{"rendered":"<p>La Asamblea Ciudadana volver\u00e1 a reunirse este lunes por la noche para presentar, entre otros puntos, la propuesta  de reforma de la ordenanza N\u00ba 8311 que regula la actividad en las comisiones vecinales<\/p>\n","protected":false},"author":2,"featured_media":66344,"comment_status":"closed","ping_status":"closed","sticky":false,"template":"","format":"standard","meta":{"footnotes":""},"categories":[2],"tags":[17],"class_list":["post-66343","post","type-post","status-publish","format-standard","has-post-thumbnail","hentry","category-informe-municipal","tag-entre-rios"],"_links":{"self":[{"href":"http:\/\/argentinamunicipal.com.ar\/argentina\/wp-json\/wp\/v2\/posts\/66343","targetHints":{"allow":["GET"]}}],"collection":[{"href":"http:\/\/argentinamunicipal.com.ar\/argentina\/wp-json\/wp\/v2\/posts"}],"about":[{"href":"http:\/\/argentinamunicipal.com.ar\/argentina\/wp-json\/wp\/v2\/types\/post"}],"author":[{"embeddable":true,"href":"http:\/\/argentinamunicipal.com.ar\/argentina\/wp-json\/wp\/v2\/users\/2"}],"replies":[{"embeddable":true,"href":"http:\/\/argentinamunicipal.com.ar\/argentina\/wp-json\/wp\/v2\/comments?post=66343"}],"version-history":[{"count":0,"href":"http:\/\/argentinamunicipal.com.ar\/argentina\/wp-json\/wp\/v2\/posts\/66343\/revisions"}],"wp:featuredmedia":[{"embeddable":true,"href":"http:\/\/argentinamunicipal.com.ar\/argentina\/wp-json\/wp\/v2\/media\/66344"}],"wp:attachment":[{"href":"http:\/\/argentinamunicipal.com.ar\/argentina\/wp-json\/wp\/v2\/media?parent=66343"}],"wp:term":[{"taxonomy":"category","embeddable":true,"href":"http:\/\/argentinamunicipal.com.ar\/argentina\/wp-json\/wp\/v2\/categories?post=66343"},{"taxonomy":"post_tag","embeddable":true,"href":"http:\/\/argentinamunicipal.com.ar\/argentina\/wp-json\/wp\/v2\/tags?post=66343"}],"curies":[{"name":"wp","href":"https:\/\/api.w.org\/{rel}","templated":true}]}}