{"id":66346,"date":"2017-08-08T05:53:24","date_gmt":"2017-08-08T08:53:24","guid":{"rendered":"http:\/\/argentinamunicipal.com.ar\/argentina\/?p=66346"},"modified":"2017-08-08T07:56:20","modified_gmt":"2017-08-08T10:56:20","slug":"victoria-denunciaron-intendente-maiocco-incumplio-la-ley-nacional-partidos-politicos","status":"publish","type":"post","link":"http:\/\/argentinamunicipal.com.ar\/argentina\/victoria-denunciaron-intendente-maiocco-incumplio-la-ley-nacional-partidos-politicos\/","title":{"rendered":"Victoria: Denunciaron que el intendente Maiocco incumpli\u00f3 la Ley Nacional de Partidos Pol\u00edticos\u00a0"},"content":{"rendered":"<p>Concejales victorienses del bloque del Frente para la Victoria solicitaron que el intendente Domingo Maiocco cumpla con lo establecido en el art\u00edculo 93\u00b0 de la Ley 26571 establece que queda prohibido durante los 15 d\u00edas anteriores a las PASO y a la elecci\u00f3n general, la realizaci\u00f3n de actos inaugurales de obras p\u00fablicas, el lanzamiento o promoci\u00f3n de planes, proyectos o programas de alcance colectivo y, en general, la realizaci\u00f3n de todo acto de gobierno que pueda promover la captaci\u00f3n del sufragio a favor de cualquiera de los candidatos a cargos p\u00fablicos electivos nacionales<\/p>\n<p>Uno de los principales inconvenientes que tuvo la gesti\u00f3n del intendente Maiocco se dio con el \u00c1rea de Comunicaci\u00f3n. Hace un a\u00f1o atr\u00e1s esta dependencia se vio involucrada en un conflicto con el vice intendente, vali\u00e9ndole al letrado Alcides Risso el desplazamiento de su cargo, siendo reincorporado recientemente a la Viceintendencia por decisi\u00f3n del Superior Tribunal de Justicia. \u201cEn esta oportunidad ante la cercan\u00eda de los comicios la comuna inicio una intensa campa\u00f1a comunicacional de los actos de gobierno municipal a trav\u00e9s de radios, redes sociales, medios gr\u00e1ficos, televisivo, callejera entre otros, desoyendo lo establecido en la norma nacional\u201d, lamentaron los ediles.<\/p>\n<p>En esta oportunidad, a trav\u00e9s de un proyecto de resoluci\u00f3n, los concejales buscan, \u201cinstar al intendente Domingo Maiocco a que se abstenga de hacer publicidad de los actos de gobierno para dar cumplimiento a lo establecido en el art\u00edculo 93 de la Ley 26.571 de los Partidos Pol\u00edticos, hecho que repudiamos ya que el Departamento Ejecutivo debiera dar el ejemplo de una respetuosa convivencia ciudadana ante la comunidad\u201d, afirma el documento.<\/p>\n<p><strong>Fundamentos<\/strong><\/p>\n<p>Entre los diversos considerandos, se plantea que el Municipio de Victoria hizo caso omiso a la ley, pues el d\u00eda s\u00e1bado 5 de agosto, a ocho d\u00edas de las elecciones public\u00f3 en medios gr\u00e1ficos\u00a0 a media p\u00e1gina en el Semanario La Semana y en el Semanario Paralelo 32 publicidad de actos de gobierno que a su vez tergiversan la realidad pues indica datos err\u00f3neos.<\/p>\n<p>Curiosamente, la publicidad expresa que 292.572 pasajeros utilizaron el transporte p\u00fablico urbano cuando en la ciudad de Victoria hay 32.411 habitantes, confundiendo posiblemente \u201cpasajes vendidos\u201d con \u201cpersonas\u201d.<\/p>\n<p>Informa tambi\u00e9n que m\u00e1s de 120 emprendedores fueron asistidos y promocionados, cuando en el 2016 se han otorgado 11 cr\u00e9ditos\u00a0 del Programa Amaneceres entre 10 mil y 36 mil pesos, con excepci\u00f3n de uno de 800 mil y que en respuesta al pedido de informes el Presidente Municipal expres\u00f3 que \u201cla transferencia mencionada no refiere a ning\u00fan proyecto del programa sino a una transferencia de fondos solicitada por el Secretario de Desarrollo Social al Secretario de Hacienda\u201d, sin explicitar el destino ni los beneficiarios de tan elevado monto cuando en el informe de Egresos del mes de diciembre de 2016, figura como \u201cEgreso N\u00ba 126.557. Imputaci\u00f3n 4213201-323. Programa Amaneceres\u201d;<\/p>\n<p>Adem\u00e1s en el corriente a\u00f1o, se otorgaron tambi\u00e9n 11 cr\u00e9ditos, casi todos de 36 mil pesos\u00a0 totalizando 388.157 pesos, programa subejecutado, puesto que al 30 de junio\/17 se recibi\u00f3 la suma de 1.113.111,29 pesos, seg\u00fan consta de informe de la Oficina Contable y Presupuestaria presentada el 27 de julio de 207.<\/p>\n<p>En otro p\u00e1rrafo se apunta, que se construyeron 26 viviendas, cuando las inauguradas fueron construidas por la anterior gesti\u00f3n municipal, observ\u00e1ndose un atraso y subejecuci\u00f3n en el uso de los recursos del Programa Federal de Vivienda y Mejoramiento del H\u00e1bitat de Pueblos Originarios y Rurales que contemplaba una inversi\u00f3n de 292 millones para 126 viviendas, como as\u00ed tampoco se inici\u00f3 el barrio para las familias inundadas habi\u00e9ndose aprobado por el Concejo la compra de un terreno en el barrio Quinto Cuartel (Ordenanza N\u00ba 3.356).<\/p>\n<p>Seg\u00fan un comunicado, la denuncia destaca principalmente que: \u201cSumado a lo expresado, sobre el anuncio de las obras, figura la publicidad de la lista de Diputados Nacionales, con foto del se\u00f1or Presidente de la Naci\u00f3n, todos pertenecientes a la Alianza Cambiemos. Con ello se pone en evidencia que pretendieron promover la captaci\u00f3n del sufragio a favor de los candidatos oficialistas incumpliendo lo estipulado en la Ley 26.571\u201d, plantea el proyecto del bloque del Frente para la Victoria.<\/p>\n<h6>Fuetne: APFDigital<\/h6>\n","protected":false},"excerpt":{"rendered":"<p>Concejales victorienses del bloque del Frente para la Victoria solicitaron que el intendente Domingo Maiocco cumpla con lo establecido en el art\u00edculo 93\u00b0 de la Ley 26571<\/p>\n","protected":false},"author":2,"featured_media":66347,"comment_status":"closed","ping_status":"closed","sticky":false,"template":"","format":"standard","meta":{"footnotes":""},"categories":[4],"tags":[17],"class_list":["post-66346","post","type-post","status-publish","format-standard","has-post-thumbnail","hentry","category-informe-politico","tag-entre-rios"],"_links":{"self":[{"href":"http:\/\/argentinamunicipal.com.ar\/argentina\/wp-json\/wp\/v2\/posts\/66346","targetHints":{"allow":["GET"]}}],"collection":[{"href":"http:\/\/argentinamunicipal.com.ar\/argentina\/wp-json\/wp\/v2\/posts"}],"about":[{"href":"http:\/\/argentinamunicipal.com.ar\/argentina\/wp-json\/wp\/v2\/types\/post"}],"author":[{"embeddable":true,"href":"http:\/\/argentinamunicipal.com.ar\/argentina\/wp-json\/wp\/v2\/users\/2"}],"replies":[{"embeddable":true,"href":"http:\/\/argentinamunicipal.com.ar\/argentina\/wp-json\/wp\/v2\/comments?post=66346"}],"version-history":[{"count":0,"href":"http:\/\/argentinamunicipal.com.ar\/argentina\/wp-json\/wp\/v2\/posts\/66346\/revisions"}],"wp:featuredmedia":[{"embeddable":true,"href":"http:\/\/argentinamunicipal.com.ar\/argentina\/wp-json\/wp\/v2\/media\/66347"}],"wp:attachment":[{"href":"http:\/\/argentinamunicipal.com.ar\/argentina\/wp-json\/wp\/v2\/media?parent=66346"}],"wp:term":[{"taxonomy":"category","embeddable":true,"href":"http:\/\/argentinamunicipal.com.ar\/argentina\/wp-json\/wp\/v2\/categories?post=66346"},{"taxonomy":"post_tag","embeddable":true,"href":"http:\/\/argentinamunicipal.com.ar\/argentina\/wp-json\/wp\/v2\/tags?post=66346"}],"curies":[{"name":"wp","href":"https:\/\/api.w.org\/{rel}","templated":true}]}}