{"id":66349,"date":"2017-08-08T05:56:52","date_gmt":"2017-08-08T08:56:52","guid":{"rendered":"http:\/\/argentinamunicipal.com.ar\/argentina\/?p=66349"},"modified":"2017-08-08T07:59:33","modified_gmt":"2017-08-08T10:59:33","slug":"se-realizo-plenario-provincial-secretarios-generales-gremios-municipales-gualeguaychu","status":"publish","type":"post","link":"http:\/\/argentinamunicipal.com.ar\/argentina\/se-realizo-plenario-provincial-secretarios-generales-gremios-municipales-gualeguaychu\/","title":{"rendered":"Se realiz\u00f3 el plenario provincial de Secretarios Generales de gremios municipales en Gualeguaych\u00fa"},"content":{"rendered":"<p>Se llev\u00f3 a cabo en la ciudad de Gualeguaych\u00fa el segundo plenario de secretarios generales de gremios municipales, organizado por la Subsecretar\u00eda de Relaciones del Empleo P\u00fablico Municipal a cargo de Maximiliano Torres, donde se trataron diferentes temas y problem\u00e1ticas que son comunes a todos los gremios como: Estatutos, ART, inscripci\u00f3n gremial, escala salarial, empleo precario en varios municipios, recategorizaci\u00f3n, convenios de seguros de vida, sepelios, retiro y la problem\u00e1tica de Iosper, entre otros temas, seg\u00fan supo APFDigital<\/p>\n<p>En di\u00e1logo con la prensa, Torres destac\u00f3 la participaci\u00f3n de los Secretarios Gremiales y delegados que participaron del Plenario: \u201cNos dio la posibilidad de trabajar diferentes temas que preocupan en general a los empleados y en particular a algunos gremios municipales. Tambi\u00e9n se fij\u00f3 una pr\u00f3xima reuni\u00f3n en Rosario del Tala el pr\u00f3ximo 8 de septiembre\u201d.<\/p>\n<p>Por su parte, el equipo del Instituto del Seguro explic\u00f3 a los presentes los beneficios que tiene el organismo para los seguros de Vida, sepelio y retiro; tanto para los trabajadores y su familiar adherente. Se present\u00f3 la propuesta a la Asociaci\u00f3n de Trabajadores Municipales de Gualeguaych\u00fa, a trav\u00e9s de su Secretario Gral. Miguel Galarza quien presentar\u00e1 la propuesta al Intendente de esa localidad, Esteban Martin Piaggio de ver la factibilidad de cambiar el seguro\u201d.<\/p>\n<p>En este sentido el Subsecretario de Relaciones del Empleo P\u00fablico Municipal, Maximiliano Torres detall\u00f3 que la propuesta \u201ctiene tres partes fundamentales, como ser la cobertura de vida, sepelio y retiro\u201d, y agreg\u00f3: \u201cSe habla de una p\u00f3liza colectiva de amplia cobertura, sin l\u00edmite de permanencia, con un servicio de sepelio para todos los asegurados, tanto titulares como familiares adherentes, m\u00e1s un capital que se dispondr\u00e1 para ser utilizado en el momento que se jubile el trabajador\u201d, indic\u00f3 por \u00faltimo.<\/p>\n<p>Participaron de la misma adem\u00e1s del Subsecretario de Relaciones del Empleo P\u00fablico Municipal; Maximiliano Torres; El Director del IAPSER, Cr. Juan D. Orabona y su equipo t\u00e9cnico; el Secretario Gral de A.T.M Gualeguaych\u00fa Miguel Galarza; el Secretario General de Larroque Omar Olivera, entre otros. Hay que destacar la presencia del Dr. Jos\u00e9 Luis Giott asesor de la Subsecretaria de Relaciones quienes participaron junto a Secretarios Generales de los municipios de Paran\u00e1, Gualeguaych\u00fa y la intersindical que integran gremios de esa localidad, Villa Elisa, San Jos\u00e9, Larroque, Rosario del tala, La Paz, San Gustavo, Colonia Ayu\u00ed, Los charr\u00faas, Puerto Yerua, San Salvador, Bovril, Federaci\u00f3n, Chajar\u00ed, Villa del Rosario, San Benito, Federal y Concordia.<\/p>\n<h6>Fuente: APFDigital<\/h6>\n","protected":false},"excerpt":{"rendered":"<p>Se llev\u00f3 a cabo en la ciudad de Gualeguaych\u00fa el segundo plenario de secretarios generales de gremios municipales, organizado por la Subsecretar\u00eda de Relaciones del Empleo P\u00fablico Municipal a cargo de Maximiliano Torres<\/p>\n","protected":false},"author":2,"featured_media":66350,"comment_status":"closed","ping_status":"closed","sticky":false,"template":"","format":"standard","meta":{"footnotes":""},"categories":[7],"tags":[17],"class_list":["post-66349","post","type-post","status-publish","format-standard","has-post-thumbnail","hentry","category-informe-sindical","tag-entre-rios"],"_links":{"self":[{"href":"http:\/\/argentinamunicipal.com.ar\/argentina\/wp-json\/wp\/v2\/posts\/66349","targetHints":{"allow":["GET"]}}],"collection":[{"href":"http:\/\/argentinamunicipal.com.ar\/argentina\/wp-json\/wp\/v2\/posts"}],"about":[{"href":"http:\/\/argentinamunicipal.com.ar\/argentina\/wp-json\/wp\/v2\/types\/post"}],"author":[{"embeddable":true,"href":"http:\/\/argentinamunicipal.com.ar\/argentina\/wp-json\/wp\/v2\/users\/2"}],"replies":[{"embeddable":true,"href":"http:\/\/argentinamunicipal.com.ar\/argentina\/wp-json\/wp\/v2\/comments?post=66349"}],"version-history":[{"count":0,"href":"http:\/\/argentinamunicipal.com.ar\/argentina\/wp-json\/wp\/v2\/posts\/66349\/revisions"}],"wp:featuredmedia":[{"embeddable":true,"href":"http:\/\/argentinamunicipal.com.ar\/argentina\/wp-json\/wp\/v2\/media\/66350"}],"wp:attachment":[{"href":"http:\/\/argentinamunicipal.com.ar\/argentina\/wp-json\/wp\/v2\/media?parent=66349"}],"wp:term":[{"taxonomy":"category","embeddable":true,"href":"http:\/\/argentinamunicipal.com.ar\/argentina\/wp-json\/wp\/v2\/categories?post=66349"},{"taxonomy":"post_tag","embeddable":true,"href":"http:\/\/argentinamunicipal.com.ar\/argentina\/wp-json\/wp\/v2\/tags?post=66349"}],"curies":[{"name":"wp","href":"https:\/\/api.w.org\/{rel}","templated":true}]}}