{"id":66358,"date":"2017-08-08T05:12:26","date_gmt":"2017-08-08T08:12:26","guid":{"rendered":"http:\/\/argentinamunicipal.com.ar\/argentina\/?p=66358"},"modified":"2017-08-08T08:14:27","modified_gmt":"2017-08-08T11:14:27","slug":"avanzan-las-obras-la-muni-neuquen","status":"publish","type":"post","link":"http:\/\/argentinamunicipal.com.ar\/argentina\/avanzan-las-obras-la-muni-neuquen\/","title":{"rendered":"Avanzan las obras de la muni de Neuqu\u00e9n"},"content":{"rendered":"<p>El nuevo palacio municipal estar\u00e1 listo para el pr\u00f3ximo a\u00f1o. Est\u00e1 en el 90% de su ejecuci\u00f3n.<\/p>\n<p>El edificio de la nueva municipalidad, enclavado en Novella y Godoy, est\u00e1 en un 90% de su ejecuci\u00f3n. \u00abEl traslado comenzar\u00e1 en el 2018 y la primera oficina ser\u00e1 la m\u00eda\u00bb, public\u00f3 el intendente Horacio \u00abPechi\u00bb Quiroga en su cuenta de Twitter tras un recorrido por la obra.\u00a0Esta ma\u00f1ana se realiz\u00f3 el hormig\u00f3n en las escalinatas de ingreso al nuevo palacio municipal.<br \/>\n\u201cEsto va a ser un elemento ordenador en este sector de la\u00a0ciudad\u00a0que es el de mayor crecimiento demogr\u00e1fico. Y no es solamente el traslado de una sede administrativa, es el concepto de que el municipio se va a convertir en motor del desarrollo de esta zona, donde hasta el momento hemos ido acompa\u00f1ando con la ejecuci\u00f3n de importantes obras p\u00fablicas\u201d expres\u00f3 Quiroga.<\/p>\n<p>Quiroga enfatiz\u00f3 que \u201ctodas esta obras las hacemos con recursos propios, esto significa que no tomamos ninguna deuda y tampoco me permitir\u00eda dejarle al pr\u00f3ximo intendente un municipio endeudado\u201d.<\/p>\n<p>El secretario de Obras P\u00fablicas, Guillermo Monzani, record\u00f3 que este jueves 10 se abrir\u00e1n los sobres de la tercera etapa de este edificio y detall\u00f3 que \u201cestamos ansioso por abrir la licitaci\u00f3n p\u00fablica para hacer la continuaci\u00f3n de la obra y el a\u00f1o que viene hacer el traslado\u201d.<\/p>\n<p>Dijo que la licitaci\u00f3n tiene que ver con el equipamiento donde est\u00e1n incluidos los pisos, ba\u00f1os, grifer\u00eda, cielo raso, pisos, y todas las caracter\u00edsticas innovadoras con las que va a contar este edificio.<\/p>\n<p>Por su parte el secretario de Gobierno y Coordinaci\u00f3n, Marcelo Berm\u00fadez, subray\u00f3 que el edificio representa \u201cuna ola de progreso a toda esta zona, los vecinos no solo van a ver un edificio municipal sino que van tener la cercan\u00eda con la gesti\u00f3n y con los funcionarios lo que va a generar una nueva relaci\u00f3n, por eso nos apasiona tanto este proyecto\u201d.<\/p>\n<h6>Fuente: La Ma\u00f1ana Neuqu\u00e9n<\/h6>\n","protected":false},"excerpt":{"rendered":"<p>El nuevo palacio municipal estar\u00e1 listo para el pr\u00f3ximo a\u00f1o. Est\u00e1 en el 90% de su ejecuci\u00f3n.<\/p>\n","protected":false},"author":2,"featured_media":66359,"comment_status":"closed","ping_status":"closed","sticky":false,"template":"","format":"standard","meta":{"footnotes":""},"categories":[2],"tags":[23],"class_list":["post-66358","post","type-post","status-publish","format-standard","has-post-thumbnail","hentry","category-informe-municipal","tag-neuquen"],"_links":{"self":[{"href":"http:\/\/argentinamunicipal.com.ar\/argentina\/wp-json\/wp\/v2\/posts\/66358","targetHints":{"allow":["GET"]}}],"collection":[{"href":"http:\/\/argentinamunicipal.com.ar\/argentina\/wp-json\/wp\/v2\/posts"}],"about":[{"href":"http:\/\/argentinamunicipal.com.ar\/argentina\/wp-json\/wp\/v2\/types\/post"}],"author":[{"embeddable":true,"href":"http:\/\/argentinamunicipal.com.ar\/argentina\/wp-json\/wp\/v2\/users\/2"}],"replies":[{"embeddable":true,"href":"http:\/\/argentinamunicipal.com.ar\/argentina\/wp-json\/wp\/v2\/comments?post=66358"}],"version-history":[{"count":0,"href":"http:\/\/argentinamunicipal.com.ar\/argentina\/wp-json\/wp\/v2\/posts\/66358\/revisions"}],"wp:featuredmedia":[{"embeddable":true,"href":"http:\/\/argentinamunicipal.com.ar\/argentina\/wp-json\/wp\/v2\/media\/66359"}],"wp:attachment":[{"href":"http:\/\/argentinamunicipal.com.ar\/argentina\/wp-json\/wp\/v2\/media?parent=66358"}],"wp:term":[{"taxonomy":"category","embeddable":true,"href":"http:\/\/argentinamunicipal.com.ar\/argentina\/wp-json\/wp\/v2\/categories?post=66358"},{"taxonomy":"post_tag","embeddable":true,"href":"http:\/\/argentinamunicipal.com.ar\/argentina\/wp-json\/wp\/v2\/tags?post=66358"}],"curies":[{"name":"wp","href":"https:\/\/api.w.org\/{rel}","templated":true}]}}