{"id":66367,"date":"2017-08-08T06:25:54","date_gmt":"2017-08-08T09:25:54","guid":{"rendered":"http:\/\/argentinamunicipal.com.ar\/argentina\/?p=66367"},"modified":"2017-08-08T08:27:35","modified_gmt":"2017-08-08T11:27:35","slug":"marcha-la-tijera-stanley","status":"publish","type":"post","link":"http:\/\/argentinamunicipal.com.ar\/argentina\/marcha-la-tijera-stanley\/","title":{"rendered":"Marcha contra la tijera de Stanley"},"content":{"rendered":"<p>Escuelas de educaci\u00f3n especial, organizaciones sociales y gremios se movilizar\u00e1n esta tarde hasta el Obelisco para repudiar los recortes y las quitas de 170 mil pensiones no contributivas para discapacitados aplicadas por el gobierno de Mauricio Macri.<\/p>\n<p>La CTA de los Trabajadores es una de las entidades que adhiere a la medida de protesta prevista para las 18 de hoy. Exigir\u00e1\u00a0que el Gobierno d\u00e9 marcha atr\u00e1s con las suspensiones del beneficio, rechazar\u00e1n la \u201cviolencia laboral e institucional\u201d de la medida y reclamar\u00e1\u00a0la \u201crestituci\u00f3n de derechos\u201d para los miles de damnificados.<\/p>\n<p>La Uni\u00f3n de Trabajadores de la Educaci\u00f3n (UTE), otra de las organizaciones sindicales que adhiere, sostuvo que tanto la anulaci\u00f3n de las pensiones como \u201cel recorte en el \u00e1rea de la educaci\u00f3n especial\u201d impulsado por el Plan Maestro que impulsa la cartera que encabeza Esteban Bullrich \u201cson una clara muestra de la tendencia\u201d de la administraci\u00f3n de Cambiemos a \u201cdesproteger a los m\u00e1s vulnerables\u201d. Ambas medidas, agreg\u00f3, traen \u201caparejado el ajuste en la cobertura de la obra social\u201d.<\/p>\n<p>Ayer, ante la ola de reclamos contra la medida que puso en marcha, la ministra de Desarrollo Social, Carolina Stanley, admiti\u00f3 que pudo haber \u00aberrores\u00bb en la quita del beneficio y busc\u00f3 victimizarse. Dijo que la \u201cenoja mucho que traten de usar este tema con fines pol\u00edticos y de generar miedo en familias que realmente necesitan la pensi\u00f3n y a quienes les quiero llevar la tranquilidad de que la van a seguir teniendo\u201d.<\/p>\n<p>Seg\u00fan a\u00f1adi\u00f3, no se utilizaron criterios pol\u00edticos para el recorte sino administrativos, pero no desminti\u00f3 que haya habido recortes. Por eso remarc\u00f3 que quienes \u201crealmente\u201d necesiten la pensi\u00f3n la seguir\u00e1n percibiendo. No obstante, hasta ahora no se confirm\u00f3 una marcha atr\u00e1s con la medida.<\/p>\n<p>La convocatoria \u201cMarcha para que no quiten las pensiones por discapacidad\u201d tendr\u00e1 lugar a las 18 en el Obelisco, en pleno centro de la ciudad de Buenos Aires. Participar\u00e1n tambi\u00e9n el Movimiento Territorial de Liberaci\u00f3n (MTL), la Confederaci\u00f3n Nacional de Cooperativas de Trabajo (CNCT) y la Multisectorial contra el Ajuste.<\/p>\n<h6>Fuente: P\u00e1gina 12<\/h6>\n","protected":false},"excerpt":{"rendered":"<p>Escuelas de educaci\u00f3n especial, organizaciones sociales y gremios se movilizar\u00e1n esta tarde hasta el Obelisco para repudiar los recortes y las quitas de 170 mil pensiones no contributivas para discapacitados aplicadas por el gobierno de Mauricio Macri.<\/p>\n","protected":false},"author":2,"featured_media":66368,"comment_status":"closed","ping_status":"closed","sticky":false,"template":"","format":"standard","meta":{"footnotes":""},"categories":[8],"tags":[21],"class_list":["post-66367","post","type-post","status-publish","format-standard","has-post-thumbnail","hentry","category-informe-nacional","tag-argentina"],"_links":{"self":[{"href":"http:\/\/argentinamunicipal.com.ar\/argentina\/wp-json\/wp\/v2\/posts\/66367","targetHints":{"allow":["GET"]}}],"collection":[{"href":"http:\/\/argentinamunicipal.com.ar\/argentina\/wp-json\/wp\/v2\/posts"}],"about":[{"href":"http:\/\/argentinamunicipal.com.ar\/argentina\/wp-json\/wp\/v2\/types\/post"}],"author":[{"embeddable":true,"href":"http:\/\/argentinamunicipal.com.ar\/argentina\/wp-json\/wp\/v2\/users\/2"}],"replies":[{"embeddable":true,"href":"http:\/\/argentinamunicipal.com.ar\/argentina\/wp-json\/wp\/v2\/comments?post=66367"}],"version-history":[{"count":0,"href":"http:\/\/argentinamunicipal.com.ar\/argentina\/wp-json\/wp\/v2\/posts\/66367\/revisions"}],"wp:featuredmedia":[{"embeddable":true,"href":"http:\/\/argentinamunicipal.com.ar\/argentina\/wp-json\/wp\/v2\/media\/66368"}],"wp:attachment":[{"href":"http:\/\/argentinamunicipal.com.ar\/argentina\/wp-json\/wp\/v2\/media?parent=66367"}],"wp:term":[{"taxonomy":"category","embeddable":true,"href":"http:\/\/argentinamunicipal.com.ar\/argentina\/wp-json\/wp\/v2\/categories?post=66367"},{"taxonomy":"post_tag","embeddable":true,"href":"http:\/\/argentinamunicipal.com.ar\/argentina\/wp-json\/wp\/v2\/tags?post=66367"}],"curies":[{"name":"wp","href":"https:\/\/api.w.org\/{rel}","templated":true}]}}