{"id":66373,"date":"2017-08-08T08:35:15","date_gmt":"2017-08-08T11:35:15","guid":{"rendered":"http:\/\/argentinamunicipal.com.ar\/argentina\/?p=66373"},"modified":"2017-08-08T08:35:15","modified_gmt":"2017-08-08T11:35:15","slug":"cordoba-amparo-los-vecinos","status":"publish","type":"post","link":"http:\/\/argentinamunicipal.com.ar\/argentina\/cordoba-amparo-los-vecinos\/","title":{"rendered":"C\u00f3rdoba: El amparo de los vecinos"},"content":{"rendered":"<p>De manera in\u00e9dita, la Justicia federal tom\u00f3 la denuncia contra una planta de bioetanol despu\u00e9s de que se desentendieran tanto el municipio como el gobierno y la Justicia provinciales.<\/p>\n<p>En un hecho sin precedentes en la justicia federal de C\u00f3rdoba, el titular del juzgado 3, Miguel Hugo Vaca Narvaja, convoc\u00f3 a una audiencia p\u00fablica en el marco de un amparo ambiental de los vecinos del sure\u00f1o barrio San Antonio contra la empresa Porta Hermanos, por el impacto sanitario que, denuncian, la planta de bioetanol de esta compa\u00f1\u00eda genera desde el a\u00f1o 2012. Quince amparistas expusieron sus afecciones en la salud (abortos espont\u00e1neos, malformaciones, p\u00f3lipos, afecciones respiratorias), ya documentadas por la Red Universitaria de Ambiente y Salud (Reduas), para justificar el reclamo de \u201ccese de actividades\u201d de la empresa. Este pedido hasta ahora no encontr\u00f3 eco en la justicia provincial, como as\u00ed tampoco en el municipio gobernado por Ram\u00f3n Mestre ni en la provincia a cargo de hacer cumplir la legislaci\u00f3n ambiental. A la audiencia se ausentaron los representantes de la empresa y del Ministerio de Energ\u00eda de la Naci\u00f3n, convocado por ser \u00f3rgano de aplicaci\u00f3n de la Ley de Biocombustibles (26.093), a la que Porta debiera ajustarse. Ahora, Vaca Narvaja deber\u00e1 evaluar si realiza una nueva audiencia, con profesionales que aporten elementos t\u00e9cnicos, como as\u00ed tambi\u00e9n constatar el incumplimiento o no de la legislaci\u00f3n ambiental vigente tal como sostienen los denunciantes.<\/p>\n<p>Adem\u00e1s de los amparistas, entre los expositores estuvieron la fiscal federal Graciela L\u00f3pez de Filo\u00f1uk y el defensor oficial Jos\u00e9 Belisle, quien enfatiz\u00f3 la necesidad de \u201cno comprometer a las generaciones futuras\u201d, tal como marca la Constituci\u00f3n (art\u00edculo 41), dado el creciente escenario de ni\u00f1as y ni\u00f1os enfermos y fallecidos. El abogado de los afectados, Carlos Gonz\u00e1lez Quintana, explic\u00f3 que \u201cse est\u00e1 pidiendo el cese inmediato de la producci\u00f3n contaminante\u201d, en el marco del art\u00edculo 30 de la Ley General del Ambiente. Gonz\u00e1lez Quintana enfatiz\u00f3 que Porta no cuenta con Evaluaci\u00f3n de Impacto Ambiental para producir etanol a base de ma\u00edz, que es lo que exige tanto esa norma como la legislaci\u00f3n referida a biocombustibles.<\/p>\n<p>Entre los argumentos contra esta empresa, que comercializa alcoholes y bebidas et\u00edlicas, un estudio de la Reduas realizado en 2016 concluy\u00f3: \u201cSe verifica alta prevalencia de ni\u00f1os que nacen con anomal\u00edas cong\u00e9nitas en frecuencias muy superiores a las que presenta toda la ciudad de C\u00f3rdoba. Son muy elevadas las prevalencias de asma, conjuntivitis y dermatitis, cefaleas y se observa una preocupante multiplicaci\u00f3n de mujeres con masas en v\u00edas a\u00e9reas superiores\u201d.<\/p>\n<p>Silvia Cruz, referente de esta lucha por la salud colectiva, inici\u00f3 las exposiciones. El relato fue la apertura de una secuencia que se repetir\u00eda con el correr de las historias narradas por cada amparista. \u201cLos chicos se enferman, mi hija est\u00e1 operada de p\u00f3lipos; el a\u00f1o pasada muri\u00f3 Olivia (beb\u00e9 del barrio), y temo por la vida de mis hijos\u201d, hilvan\u00f3 y explic\u00f3 lo que debieron aprender a nombrar en t\u00e9rminos cient\u00edficos: \u201cRespiramos tolueno y formaldeh\u00eddo en peque\u00f1as dosis, porque el fermentador (de la planta) emana todos esos qu\u00edmicos\u201d. \u201cEs dormir y despertarse pensando en Porta&#8230; eso no es vida\u201d. Otro amparista, Santiago Palermo, enumer\u00f3 los malestares f\u00edsicos que los aquejan desde que comenz\u00f3 a funcionar el emprendimiento: \u201cTenemos cefaleas, n\u00e1useas, cansancio y este a\u00f1o me diagnosticaron p\u00f3lipos en el seno paranasal\u201d. El hombre record\u00f3 que en la manzana que habita no es el \u00fanico operado de p\u00f3lipos en v\u00edas a\u00e9reas. \u201cTodos los d\u00edas nos enteramos de un nuevo enfermo.\u201d El hombre record\u00f3 que, Vicente, su hijo, \u201cestuvo un mes sin poder ir a clase porque ten\u00eda el cuerpo todo irritado por la explosi\u00f3n de sus vasos sangu\u00edneos\u201d. Al igual que a una larga lista de habitantes de esa zona de C\u00f3rdoba, los m\u00e9dicos que lo atendieron le recomendaron dejar el barrio. \u201cNo queremos ver morir a nadie m\u00e1s\u201d, le dijo al juez.<\/p>\n<p>A su turno, Natalia Aguilar cont\u00f3 el calvario que signific\u00f3 regresar a la zona donde hab\u00eda pasado una ni\u00f1ez plena, \u201ccon \u00e1rboles, con aire fresco\u201d. \u201cMi hija hoy si no toma corticoides no puede respirar, y la van a tener que operar. Mi hermana, Cecilia, tiene cuatro hijos con dermatitis. Picaz\u00f3n en los ojos tenemos todos\u201d, apunt\u00f3. Hastiada de \u201cno poder salir a la calle tomar aire\u201d, junto a sus vecinas y vecinos \u201chubo que salir a la calle a pelear, porque tenemos derechos a una vida sana\u201d.<\/p>\n<p>El caso de Mar\u00eda Celeste Novarese, de barrio Inaudi, tambi\u00e9n expres\u00f3 un fallido retorno a las calles de la infancia. \u201cEl 30 de noviembre pasado perd\u00ed un embarazo\u201d, comparti\u00f3 y cit\u00f3 tres casos de conocidas de su barrio que pasaron en el \u00faltimo tiempo la misma situaci\u00f3n. A eso sum\u00f3 que \u201cen menos de un a\u00f1o nacieron tres beb\u00e9s con malformaciones en la manzana\u201d. A las afecciones a la salud, varios vecinos agregaron el da\u00f1o psicol\u00f3gico que significa el temor a una posible explosi\u00f3n de la planta. \u201cDuermo con la mochila armada\u201d, solt\u00f3 Natalia y mirando a Vaca Narvaja, hizo eco del reclamo colectivo: \u201cYa apelamos a todas las instancias, tenemos derechos a un ambiente sano, estamos en manos suyas, se\u00f1or juez\u201d.<\/p>\n<h6>Fuente: P\u00e1gina 12<\/h6>\n","protected":false},"excerpt":{"rendered":"<p>De manera in\u00e9dita, la Justicia federal tom\u00f3 la denuncia contra una planta de bioetanol despu\u00e9s de que se desentendieran tanto el municipio como el gobierno y la Justicia provinciales.<\/p>\n","protected":false},"author":2,"featured_media":66374,"comment_status":"closed","ping_status":"closed","sticky":false,"template":"","format":"standard","meta":{"footnotes":""},"categories":[2],"tags":[3],"class_list":["post-66373","post","type-post","status-publish","format-standard","has-post-thumbnail","hentry","category-informe-municipal","tag-cordoba"],"_links":{"self":[{"href":"http:\/\/argentinamunicipal.com.ar\/argentina\/wp-json\/wp\/v2\/posts\/66373","targetHints":{"allow":["GET"]}}],"collection":[{"href":"http:\/\/argentinamunicipal.com.ar\/argentina\/wp-json\/wp\/v2\/posts"}],"about":[{"href":"http:\/\/argentinamunicipal.com.ar\/argentina\/wp-json\/wp\/v2\/types\/post"}],"author":[{"embeddable":true,"href":"http:\/\/argentinamunicipal.com.ar\/argentina\/wp-json\/wp\/v2\/users\/2"}],"replies":[{"embeddable":true,"href":"http:\/\/argentinamunicipal.com.ar\/argentina\/wp-json\/wp\/v2\/comments?post=66373"}],"version-history":[{"count":0,"href":"http:\/\/argentinamunicipal.com.ar\/argentina\/wp-json\/wp\/v2\/posts\/66373\/revisions"}],"wp:featuredmedia":[{"embeddable":true,"href":"http:\/\/argentinamunicipal.com.ar\/argentina\/wp-json\/wp\/v2\/media\/66374"}],"wp:attachment":[{"href":"http:\/\/argentinamunicipal.com.ar\/argentina\/wp-json\/wp\/v2\/media?parent=66373"}],"wp:term":[{"taxonomy":"category","embeddable":true,"href":"http:\/\/argentinamunicipal.com.ar\/argentina\/wp-json\/wp\/v2\/categories?post=66373"},{"taxonomy":"post_tag","embeddable":true,"href":"http:\/\/argentinamunicipal.com.ar\/argentina\/wp-json\/wp\/v2\/tags?post=66373"}],"curies":[{"name":"wp","href":"https:\/\/api.w.org\/{rel}","templated":true}]}}