{"id":66377,"date":"2017-08-08T08:39:39","date_gmt":"2017-08-08T11:39:39","guid":{"rendered":"http:\/\/argentinamunicipal.com.ar\/argentina\/?p=66377"},"modified":"2017-08-08T08:39:39","modified_gmt":"2017-08-08T11:39:39","slug":"la-gobernadora-tierra-del-fuego-definio-barrabasada-juridica-al-proyecto-crear-la-provincia-malvinas","status":"publish","type":"post","link":"http:\/\/argentinamunicipal.com.ar\/argentina\/la-gobernadora-tierra-del-fuego-definio-barrabasada-juridica-al-proyecto-crear-la-provincia-malvinas\/","title":{"rendered":"La Gobernadora de Tierra del Fuego defini\u00f3 como \u201cbarrabasada jur\u00eddica\u201d al proyecto para crear la provincia de Malvinas"},"content":{"rendered":"<p>Un grupo de periodistas e investigadores present\u00f3 un proyecto al Congreso para escindir al archipi\u00e9lago de los l\u00edmites provinciales fueguinos. La mandataria replic\u00f3 que la medida atentar\u00eda contra la Constituci\u00f3n Nacional. Tambi\u00e9n instruy\u00f3 al ministro de Educaci\u00f3n para que averig\u00fce c\u00f3mo esa iniciativa obtuvo un premio a nivel nacional. E insisti\u00f3 con votar una enmienda a la Constituci\u00f3n fueguina para reafirmar que las islas forman parte del territorio provincial.<\/p>\n<p>La gobernadora de Tierra del Fuego, Rosana Bertone, calific\u00f3 ayer como una \u201cbarrabasada jur\u00eddica\u201d de \u201cerrores conceptuales graves\u201d al proyecto de ley presentado al Congreso por un grupo de periodistas egresados de la Universidad Nacional de La Plata para crear una provincia n\u00famero 24 llamada \u201cMalvinas\u201d y separada de la actual jurisdicci\u00f3n fueguina.<br \/>\nBertone dijo que la iniciativa posee \u201cdos errores garrafales desde el punto de vista legal, jur\u00eddico e institucional\u201d, a la vez que se sorprendi\u00f3 con que el proyecto haya ganado un premio otorgado por el Ministerio de Educaci\u00f3n de la Naci\u00f3n en 2015, seg\u00fan consignaron distintos medios period\u00edsticos en los \u00faltimos d\u00edas.<br \/>\nPor un lado, la gobernadora cit\u00f3 el art\u00edculo 13 de la Constituci\u00f3n Nacional, donde se afirma que si bien podr\u00e1n admitirse nuevas provincias en la Naci\u00f3n, \u201cno podr\u00e1 erigirse una provincia en el territorio de otras, ni de varias formarse una sola, sin el consentimiento de la Legislatura de las provincias interesadas y del Congreso\u201d.<br \/>\nAdem\u00e1s, la mandataria cuestion\u00f3 el fundamento del proyecto de que el gobernador de Malvinas podr\u00eda ocuparse exclusivamente de las negociaciones con Gran Breta\u00f1a acerca del ejercicio de la soberan\u00eda sobre el archipi\u00e9lago usurpado desde 1833.<br \/>\n\u201cEso es una barrabasada porque aunque nosotros reivindicamos la pertenencia de las islas al territorio de la provincia de Tierra del Fuego, Ant\u00e1rtida e Islas del Atl\u00e1ntico Sur, no negamos la facultad de llevar adelante la pol\u00edtica exterior del pa\u00eds que est\u00e1 a cargo del Gobierno Nacional a trav\u00e9s de la Canciller\u00eda, y no de un gobernador provincial\u201d, enfatiz\u00f3 Bertone en declaraciones a FM Centro.<br \/>\nLa titular del Ejecutivo fueguino dijo que \u201cinstruy\u00f3\u201d al ministro de Educaci\u00f3n de la provincia, Diego Romero, para que tome conocimiento de \u201cc\u00f3mo fue el certamen nacional en que premiaron a este trabajo\u201d y para \u201ctratar de entender c\u00f3mo reconocieron semejante idea\u201d.<br \/>\nLa Gobernadora tambi\u00e9n insistir\u00e1 con un pedido a la Legislatura fueguina para que apruebe un proyecto de enmienda constitucional enviado por su gesti\u00f3n el a\u00f1o pasado, e incorpore as\u00ed una cl\u00e1usula transitoria donde se reafirme que las Islas Malvinas forman parte del territorio provincial.<br \/>\nLa Carta Magna no contiene a\u00fan esa definici\u00f3n porque al momento de su sanci\u00f3n, en 1991, los l\u00edmites de la provincia eran objeto de discusi\u00f3n hasta la sanci\u00f3n de la ley nacional 26552 en el a\u00f1o 2009.<br \/>\n\u201cHace un tiempo a alguien se le ocurri\u00f3 crear una bandera de Malvinas. Ahora esto. Son iniciativas que buscan correr el tema de fondo que es la soberan\u00eda\u00a0 y desconocer que la provincia de Tierra del Fuego es la que tiene dentro de sus l\u00edmites a las Malvinas, al sector ant\u00e1rtico y a las dem\u00e1s islas del Atl\u00e1ntico Sur\u201d, se\u00f1al\u00f3 Bertone.<br \/>\nDe todos modos, agreg\u00f3 que \u201cconf\u00eda en el parlamento argentino\u201d y \u201cen varios de sus integrantes que tienen a la causa Malvinas como pol\u00edtica de Estado, algunos no peronistas como (Elisa) Carri\u00f3 o (Federico) Pinedo\u201d.<br \/>\nEn ese sentido, la gobernadora de Tierra del Fuego le pidi\u00f3 al Gobierno nacional que dialogue con Gran Breta\u00f1a pero \u201cincluyendo el tema de la soberan\u00eda sobre las islas y no apart\u00e1ndolo como sucede de actualmente\u201d.<br \/>\n\u201cM\u00e1s aun cuando el pa\u00eds podr\u00eda sacar una gran ventaja de la situaci\u00f3n que atraviesa Gran Breta\u00f1a por su salida de la Uni\u00f3n Europea. Son momentos que nos estamos perdiendo y que se suman a distintas pol\u00edticas err\u00e1ticas adoptadas despu\u00e9s de la guerra de 1982\u201d, opin\u00f3.<\/p>\n<h6>Fuente: El Diario del Fin Del Mundo<\/h6>\n","protected":false},"excerpt":{"rendered":"<p>Un grupo de periodistas e investigadores present\u00f3 un proyecto al Congreso para escindir al archipi\u00e9lago de los l\u00edmites provinciales fueguinos.<\/p>\n","protected":false},"author":2,"featured_media":66378,"comment_status":"closed","ping_status":"closed","sticky":false,"template":"","format":"standard","meta":{"footnotes":""},"categories":[65],"tags":[34],"class_list":["post-66377","post","type-post","status-publish","format-standard","has-post-thumbnail","hentry","category-provincias","tag-tierra-del-fuego"],"_links":{"self":[{"href":"http:\/\/argentinamunicipal.com.ar\/argentina\/wp-json\/wp\/v2\/posts\/66377","targetHints":{"allow":["GET"]}}],"collection":[{"href":"http:\/\/argentinamunicipal.com.ar\/argentina\/wp-json\/wp\/v2\/posts"}],"about":[{"href":"http:\/\/argentinamunicipal.com.ar\/argentina\/wp-json\/wp\/v2\/types\/post"}],"author":[{"embeddable":true,"href":"http:\/\/argentinamunicipal.com.ar\/argentina\/wp-json\/wp\/v2\/users\/2"}],"replies":[{"embeddable":true,"href":"http:\/\/argentinamunicipal.com.ar\/argentina\/wp-json\/wp\/v2\/comments?post=66377"}],"version-history":[{"count":0,"href":"http:\/\/argentinamunicipal.com.ar\/argentina\/wp-json\/wp\/v2\/posts\/66377\/revisions"}],"wp:featuredmedia":[{"embeddable":true,"href":"http:\/\/argentinamunicipal.com.ar\/argentina\/wp-json\/wp\/v2\/media\/66378"}],"wp:attachment":[{"href":"http:\/\/argentinamunicipal.com.ar\/argentina\/wp-json\/wp\/v2\/media?parent=66377"}],"wp:term":[{"taxonomy":"category","embeddable":true,"href":"http:\/\/argentinamunicipal.com.ar\/argentina\/wp-json\/wp\/v2\/categories?post=66377"},{"taxonomy":"post_tag","embeddable":true,"href":"http:\/\/argentinamunicipal.com.ar\/argentina\/wp-json\/wp\/v2\/tags?post=66377"}],"curies":[{"name":"wp","href":"https:\/\/api.w.org\/{rel}","templated":true}]}}