{"id":66380,"date":"2017-08-08T06:40:13","date_gmt":"2017-08-08T09:40:13","guid":{"rendered":"http:\/\/argentinamunicipal.com.ar\/argentina\/?p=66380"},"modified":"2017-08-08T08:44:25","modified_gmt":"2017-08-08T11:44:25","slug":"la-onu-exigio-la-accion-urgente-del-estado-argentino-encontrar-santiago-maldonado","status":"publish","type":"post","link":"http:\/\/argentinamunicipal.com.ar\/argentina\/la-onu-exigio-la-accion-urgente-del-estado-argentino-encontrar-santiago-maldonado\/","title":{"rendered":"La ONU exigi\u00f3 la acci\u00f3n urgente del Estado argentino para encontrar a Santiago Maldonado"},"content":{"rendered":"<p>El Comit\u00e9 contra la Desaparici\u00f3n Forzada de las Naciones Unidas consider\u00f3 que la desaparici\u00f3n de Santiago Maldonado exige la acci\u00f3n urgente del Estado parte para buscarlo y para identificar a los responsables.<\/p>\n<p>En la comunicaci\u00f3n remitida hoy al gobierno nacional, el Comit\u00e9 contra la Desaparici\u00f3n Forzada de las Naciones Unidas expres\u00f3 su preocupaci\u00f3n por la integridad f\u00edsica y psicol\u00f3gica de Santiago Maldonado, el joven desaparecido el 1 de agosto mientras intentaba huir de un operativo violento de la Gendarmer\u00eda nacional en el territorio de la comunidad Pu Lof Resistencia, en la provincia de Chubut.<\/p>\n<p>En el comunicado, el organismo de la ONU requiere al Estado que adopte \u201cuna estrategia integral y exhaustiva para la b\u00fasqueda y localizaci\u00f3n\u201d y que tome inmediatamente \u201ctodas las medidas urgentes que sean necesarias para buscarlo y localizarlo, tomando en cuenta los datos proporcionados por los miembros de la comunidad mapuche Pu Lof presentes durante la acci\u00f3n represiva\u201d.<\/p>\n<p>Adem\u00e1s, exige que se garantice \u201cla efectiva conservaci\u00f3n, resguardo y an\u00e1lisis de todos los elementos de prueba que ya obran en la investigaci\u00f3n o puedan llegar a hacerlo y que podr\u00edan permitir determinar la ubicaci\u00f3n del se\u00f1or Santiago Maldonado y la identidad de las personas responsables de su desaparici\u00f3n\u201d.<\/p>\n<p>Por otro lado, el Comit\u00e9 reclama que \u201cla Gendarmer\u00eda Nacional Argentina se abstenga de participar en la b\u00fasqueda e investigaci\u00f3n de la desaparici\u00f3n\u201d, entre otras medidas.<\/p>\n<p>Tras tomar conocimiento de las situaciones de hostigamiento y represi\u00f3n sobre la comunidad mapuche Pu Lof en Resistencia -que incluyen un sucesi\u00f3n de operativos violentos y la realizaci\u00f3n de actividades de inteligencia ilegal- el Comit\u00e9 tambi\u00e9n pidi\u00f3 al Estado que adopte de inmediato \u201clas medidas cautelares de protecci\u00f3n a favor de los familiares del se\u00f1or Santiago Maldonado, sus representantes y los miembros de la comunidad mapuche Pu Lof en Resistencia involucrados en su b\u00fasqueda, que sean necesarias\u201d para \u201cpreservar su vida e integridad personal\u201d y \u201cgarantizar que puedan desarrollar las actividades relacionadas con la b\u00fasqueda del se\u00f1or Santiago Maldonado, sin ser objeto de actos de violencia y hostigamiento\u201d.<\/p>\n<p>Finalmente, el Comit\u00e9 le solicit\u00f3 al Estado argentino que le informe \u201csobre las acciones tomadas por las autoridades competentes del Estado parte para localizarlo, para aclarar su desaparici\u00f3n y para garantizar que est\u00e9 bajo la protecci\u00f3n de la ley\u201d.<\/p>\n<p>El Comit\u00e9 es el \u00f3rgano que supervisa el cumplimiento de las obligaciones de los Estados parte de la Convenci\u00f3n Internacional para la protecci\u00f3n de todas las personas contra las desapariciones forzadas. La Argentina fue uno de los pa\u00edses que impuls\u00f3 la adopci\u00f3n de este instrumento del sistema universal de protecci\u00f3n de los derechos humanos. El art\u00edculo 30 de la Convenci\u00f3n la competencia del Comit\u00e9 para solicitar acciones urgentes de los Estados ante una desaparici\u00f3n.<\/p>\n<p>Esta acci\u00f3n urgente fue solicitada por el CELS el s\u00e1bado 5 de agosto, cuando ya se hab\u00edan cumplido cuatro d\u00edas desde que el 1 de agosto Santiago Maldonado fuera visto por \u00faltima vez mientras intentaba huir de un operativo violento de la Gendarmer\u00eda nacional en el territorio de la comunidad Pu Lof Resistencia en la provincia de Chubut.<\/p>\n<p>Ese martes, como ya hab\u00eda ocurrido en oportunidades anteriores, la Gendarmer\u00eda ingres\u00f3 a la comunidad y dispar\u00f3 balas de goma y de plomo, poniendo en riesgo la vida de los integrantes.<\/p>\n<h6>Fuente: InfoCielo<\/h6>\n","protected":false},"excerpt":{"rendered":"<p>El Comit\u00e9 contra la Desaparici\u00f3n Forzada de las Naciones Unidas consider\u00f3 que la desaparici\u00f3n de Santiago Maldonado exige la acci\u00f3n urgente del Estado parte para buscarlo y para identificar a los responsables.<\/p>\n","protected":false},"author":2,"featured_media":66381,"comment_status":"closed","ping_status":"closed","sticky":false,"template":"","format":"standard","meta":{"footnotes":""},"categories":[8],"tags":[21],"class_list":["post-66380","post","type-post","status-publish","format-standard","has-post-thumbnail","hentry","category-informe-nacional","tag-argentina"],"_links":{"self":[{"href":"http:\/\/argentinamunicipal.com.ar\/argentina\/wp-json\/wp\/v2\/posts\/66380","targetHints":{"allow":["GET"]}}],"collection":[{"href":"http:\/\/argentinamunicipal.com.ar\/argentina\/wp-json\/wp\/v2\/posts"}],"about":[{"href":"http:\/\/argentinamunicipal.com.ar\/argentina\/wp-json\/wp\/v2\/types\/post"}],"author":[{"embeddable":true,"href":"http:\/\/argentinamunicipal.com.ar\/argentina\/wp-json\/wp\/v2\/users\/2"}],"replies":[{"embeddable":true,"href":"http:\/\/argentinamunicipal.com.ar\/argentina\/wp-json\/wp\/v2\/comments?post=66380"}],"version-history":[{"count":0,"href":"http:\/\/argentinamunicipal.com.ar\/argentina\/wp-json\/wp\/v2\/posts\/66380\/revisions"}],"wp:featuredmedia":[{"embeddable":true,"href":"http:\/\/argentinamunicipal.com.ar\/argentina\/wp-json\/wp\/v2\/media\/66381"}],"wp:attachment":[{"href":"http:\/\/argentinamunicipal.com.ar\/argentina\/wp-json\/wp\/v2\/media?parent=66380"}],"wp:term":[{"taxonomy":"category","embeddable":true,"href":"http:\/\/argentinamunicipal.com.ar\/argentina\/wp-json\/wp\/v2\/categories?post=66380"},{"taxonomy":"post_tag","embeddable":true,"href":"http:\/\/argentinamunicipal.com.ar\/argentina\/wp-json\/wp\/v2\/tags?post=66380"}],"curies":[{"name":"wp","href":"https:\/\/api.w.org\/{rel}","templated":true}]}}