{"id":66395,"date":"2017-08-09T07:22:30","date_gmt":"2017-08-09T10:22:30","guid":{"rendered":"http:\/\/argentinamunicipal.com.ar\/argentina\/?p=66395"},"modified":"2017-08-09T07:22:30","modified_gmt":"2017-08-09T10:22:30","slug":"las-5-burradas-mas-grandes-dijo-esteban-bullrich","status":"publish","type":"post","link":"http:\/\/argentinamunicipal.com.ar\/argentina\/las-5-burradas-mas-grandes-dijo-esteban-bullrich\/","title":{"rendered":"Las 5 burradas m\u00e1s grandes que dijo Esteban Bullrich"},"content":{"rendered":"<p>El ex ministro de Educaci\u00f3n y precandidato a senador nacional por Cambiemos no para de lanzar palabras desafortunadas. Aqu\u00ed las cinco peores.<\/p>\n<p>Esteban Bullrich\u00a0no para de tirarle tierra a su candidatura a senador nacional por la provincia de Buenos Aires. Como si necesitara rememorar a cada paso el incendio del caj\u00f3n que protagoniz\u00f3Herminio Iglesias\u00a0en 1983 y que le hizo perder la elecci\u00f3n en la Provincia al\u00a0PJ, Bullrich dice a cada paso una frase err\u00e1tica.<\/p>\n<p>El \u00faltimo caso de su derrotero fue el que dio este lunes, cuando durante una entrevista enumer\u00f3 lo m\u00e1s positivo del gobierno nacional desde su asunci\u00f3n en diciembre de 2015. En ese marco destac\u00f3 \u00abel camino que hemos emprendido todos los d\u00edas\u00bb y, sobre ello, apunt\u00f3 que cada d\u00eda el pa\u00eds \u00abtiene un metro m\u00e1s de asfalto, una sala m\u00e1s,\u00a0un pibe m\u00e1s que est\u00e1 preso\u00bb.<\/p>\n<p>Pero la mencionada es apenas una de las cinco peores frases que pronunci\u00f3 en los \u00faltimos tiempos. Aqu\u00ed las otras cuatro.<\/p>\n<p>En marzo de este mismo a\u00f1o, Bullrich, como ministro de Educaci\u00f3n, acompa\u00f1\u00f3 a Mauricio Macri a Holanda. All\u00ed, durante una visita a la legendaria casa de Ana Frank en Amsterdam el funcionario hizo transpirar a toda la comitiva argentina con una incre\u00edble afirmaci\u00f3n sobre el nazismo, precisamente en el hogar de su v\u00edctima m\u00e1s simb\u00f3lica. \u00abElla ten\u00eda sue\u00f1os, sab\u00eda lo que quer\u00eda, escrib\u00eda sobre lo que quer\u00eda y esos sue\u00f1os quedaron truncos, en gran parte por\u00a0una dirigencia que no fue capaz de unir y llevar paz a un mundo que promov\u00eda la intolerancia\u00bb, dijo, en una zigzagueante referencia que en nuestro pa\u00eds se relacion\u00f3 con el discurso sobre \u00abla grieta\u00bb.<\/p>\n<p>\u00abNi una menos es tambi\u00e9n si hay una beba adentro\u00bb<\/p>\n<p>M\u00e1s ac\u00e1 en el tiempo, su fanatismo cat\u00f3lico volvi\u00f3 a dejarlo mal parado, cuando al hablar sobre la militancia que crece d\u00eda a d\u00eda en torno al Ni Una Menos, apunt\u00f3 que\u00a0\u00abNi Una Menos es tambi\u00e9n si hay una beba adentro\u00a0(del cuerpo de una embarazada). Es Ni Una Menos porque tambi\u00e9n la est\u00e1s matando\u00bb.<\/p>\n<p>Asimismo, otra de las aseveraciones que lo mostraron de cuerpo y alma fue la que dedic\u00f3 a los menores de edad que reciben planes sociales y su relaci\u00f3n con los chicos que abandonan el colegio. \u00abNo se va a cambiar con planes sociales:\u00a0a ese pibe le podes dar un plan social, pero esa plata la va a usar para comprar balas\u00bb.<\/p>\n<p>Sin embargo, la m\u00e1s excebrable no fue precisamente una frase sino una imagen. Los grupos cat\u00f3licos le dan mucha importancia en Argentina al denominado D\u00eda del Ni\u00f1o por Nacer, con el que los fan\u00e1ticos religiosos aprovechan para cargar contra los intentos de despenalizar el aborto.<\/p>\n<p>En ese marco ideol\u00f3gico, Bullrich us\u00f3 las redes sociales para publicar la imagen de lo que vendr\u00eda a ser un ni\u00f1o. \u00abHoy es el D\u00eda Mundial del Ni\u00f1o por Nacer. D\u00e9mosle la mano al milagro de la vida\u00bb, escribi\u00f3.<\/p>\n<h6>Fuetne: InfoNews<\/h6>\n","protected":false},"excerpt":{"rendered":"<p>El ex ministro de Educaci\u00f3n y precandidato a senador nacional por Cambiemos no para de lanzar palabras desafortunadas. Aqu\u00ed las cinco peores.<\/p>\n","protected":false},"author":2,"featured_media":66396,"comment_status":"closed","ping_status":"closed","sticky":false,"template":"","format":"standard","meta":{"footnotes":""},"categories":[8],"tags":[21],"class_list":["post-66395","post","type-post","status-publish","format-standard","has-post-thumbnail","hentry","category-informe-nacional","tag-argentina"],"_links":{"self":[{"href":"http:\/\/argentinamunicipal.com.ar\/argentina\/wp-json\/wp\/v2\/posts\/66395","targetHints":{"allow":["GET"]}}],"collection":[{"href":"http:\/\/argentinamunicipal.com.ar\/argentina\/wp-json\/wp\/v2\/posts"}],"about":[{"href":"http:\/\/argentinamunicipal.com.ar\/argentina\/wp-json\/wp\/v2\/types\/post"}],"author":[{"embeddable":true,"href":"http:\/\/argentinamunicipal.com.ar\/argentina\/wp-json\/wp\/v2\/users\/2"}],"replies":[{"embeddable":true,"href":"http:\/\/argentinamunicipal.com.ar\/argentina\/wp-json\/wp\/v2\/comments?post=66395"}],"version-history":[{"count":0,"href":"http:\/\/argentinamunicipal.com.ar\/argentina\/wp-json\/wp\/v2\/posts\/66395\/revisions"}],"wp:featuredmedia":[{"embeddable":true,"href":"http:\/\/argentinamunicipal.com.ar\/argentina\/wp-json\/wp\/v2\/media\/66396"}],"wp:attachment":[{"href":"http:\/\/argentinamunicipal.com.ar\/argentina\/wp-json\/wp\/v2\/media?parent=66395"}],"wp:term":[{"taxonomy":"category","embeddable":true,"href":"http:\/\/argentinamunicipal.com.ar\/argentina\/wp-json\/wp\/v2\/categories?post=66395"},{"taxonomy":"post_tag","embeddable":true,"href":"http:\/\/argentinamunicipal.com.ar\/argentina\/wp-json\/wp\/v2\/tags?post=66395"}],"curies":[{"name":"wp","href":"https:\/\/api.w.org\/{rel}","templated":true}]}}