{"id":66398,"date":"2017-08-09T07:27:09","date_gmt":"2017-08-09T10:27:09","guid":{"rendered":"http:\/\/argentinamunicipal.com.ar\/argentina\/?p=66398"},"modified":"2017-08-09T07:27:09","modified_gmt":"2017-08-09T10:27:09","slug":"alerta-los-sindicatos-cuanto-llego-la-inflacion-julio","status":"publish","type":"post","link":"http:\/\/argentinamunicipal.com.ar\/argentina\/alerta-los-sindicatos-cuanto-llego-la-inflacion-julio\/","title":{"rendered":"Alerta de los sindicatos: \u00bfa cu\u00e1nto lleg\u00f3 la inflaci\u00f3n en julio?"},"content":{"rendered":"<p>El Instituto Estad\u00edstico de los Trabajadores, con el respaldo de unos cincuenta gremios de la CGT y la CTA, public\u00f3 el alza en el \u00edndice de precios, al que se sum\u00f3 la medici\u00f3n del costo de vida para jubilados y pensionados.<\/p>\n<p>La\u00a0inflaci\u00f3n de julio fue del 2 por ciento, seg\u00fan los sindicatos. La cifra se desprende del relevamiento hecho por el\u00a0Instituto Estad\u00edstico de los Trabajadores (IET), con el respaldo de unos cincuenta gremios de la\u00a0CGT\u00a0y la\u00a0CTA. Esta edici\u00f3n tiene la novedad del de Precios de Consumo (IPC) de los jubilados.<\/p>\n<p>De acuerdo con las cifras el IET, la\u00a0inflaci\u00f3n acumul\u00f3 un alza del 24,2 por ciento en doce meses, en sinton\u00eda con el 2,1 que arroj\u00f3 este lunes el \u00cdndice Congreso.<\/p>\n<p>A su vez,\u00a0el costo de vida mostr\u00f3 una aceleraci\u00f3n de 0,8 por ciento desde junio, cuando hab\u00eda arrojado un crecimiento del 1,2.<\/p>\n<p>\u00abEste nuevo \u00edndice muestra una vez m\u00e1s el deterioro en los salarios que produce esta pol\u00edtica econ\u00f3mica de Macri\u00bb (Hugo Yasky)<\/p>\n<p>Las mayores subas se registraron en el rubro esparcimiento, con 4,7 por ciento, por la suba de los precios en alojamientos en destinos tur\u00edsticos por las vacaciones de invierno. Detr\u00e1s vienen indumentaria y calzado con el 3,3, luego est\u00e1 salud con 2,7 y transporte y comunicaciones, que alz\u00f3 a 2,5.<\/p>\n<p>Respecto al\u00a0\u00cdndice de Precios de Consumo (IPC) de los jubilados y pensionados\u00a0-cuya canasta de es diferente- la\u00a0inflaci\u00f3n interanual de julio fue de 25,9, vi\u00e9ndose afectados por las subas en Salud y servicios p\u00fablicos. Por otro lado, sufrieron una inflaci\u00f3n de junio a julio de 1,5.<\/p>\n<p>El costo de vida mostr\u00f3 una aceleraci\u00f3n de 0,8 por ciento desde junio<\/p>\n<p>Sobre estas cifras, el rector de la\u00a0UMET, Nicol\u00e1s\u00a0Trotta, consider\u00f3 que desde enero \u00abel Gobierno, al igual que el 2016, subestima la inflaci\u00f3n para condicionar la negociaci\u00f3n paritaria, afectando la recuperaci\u00f3n de capacidad de compra del salario; que muestra un claro deterioro desde que Macri asumi\u00f3 la presidencia. Desde noviembre de 2015 el promedio de la ca\u00edda del salario real fue del 6 por ciento, en t\u00e9rminos acumulados implica la p\u00e9rdida de 1,2 salarios\u00bb.<\/p>\n<p>En respaldo, el Secretario General de la Central de Trabajadores de la Argentina (CTA), Hugo\u00a0Yasky\u00a0indic\u00f3 que \u00abeste nuevo \u00edndice muestra una vez m\u00e1s el deterioro en los salarios que produce esta pol\u00edtica econ\u00f3mica de Macri. Es todo lo contrario que dice el Ministro de Econom\u00eda, los trabajadores ya perdemos por goleada con la inflaci\u00f3n y el ajuste\u00bb.<\/p>\n<p>En ese sentido, H\u00e9ctor\u00a0Daer, miembro del triunvirato de la Confederaci\u00f3n General del Trabajo (CGT) reclam\u00f3 \u201cque toda la fuerza del Estado se enfoque en evitar los abusos y excesos de los empresarios inescrupulosos que buscan multiplicar sus ingresos, incrementando los precios y m\u00e1rgenes de ganancias.\u201d<\/p>\n<p>\u201cExhortamos al Gobierno a la modificaci\u00f3n de sus pol\u00edticas econ\u00f3micas para proteger el empleo y que tome conciencia de que no hay posibilidad de desarrollo con equidad si el salario de los trabajadores no recupera su capacidad de compra\u201d, dijo V\u00edctor\u00a0Santa Mar\u00eda, secretario General del Sindicato \u00danico de Trabajadores de Edificios de Renta y Horizontal (SUTERH).<\/p>\n<h6>Fuente: InfoNews<\/h6>\n","protected":false},"excerpt":{"rendered":"<p>El Instituto Estad\u00edstico de los Trabajadores, con el respaldo de unos cincuenta gremios de la CGT y la CTA, public\u00f3 el alza en el \u00edndice de precios, al que se sum\u00f3 la medici\u00f3n del costo de vida para jubilados y pensionados.<\/p>\n","protected":false},"author":2,"featured_media":66399,"comment_status":"closed","ping_status":"closed","sticky":false,"template":"","format":"standard","meta":{"footnotes":""},"categories":[8],"tags":[21],"class_list":["post-66398","post","type-post","status-publish","format-standard","has-post-thumbnail","hentry","category-informe-nacional","tag-argentina"],"_links":{"self":[{"href":"http:\/\/argentinamunicipal.com.ar\/argentina\/wp-json\/wp\/v2\/posts\/66398","targetHints":{"allow":["GET"]}}],"collection":[{"href":"http:\/\/argentinamunicipal.com.ar\/argentina\/wp-json\/wp\/v2\/posts"}],"about":[{"href":"http:\/\/argentinamunicipal.com.ar\/argentina\/wp-json\/wp\/v2\/types\/post"}],"author":[{"embeddable":true,"href":"http:\/\/argentinamunicipal.com.ar\/argentina\/wp-json\/wp\/v2\/users\/2"}],"replies":[{"embeddable":true,"href":"http:\/\/argentinamunicipal.com.ar\/argentina\/wp-json\/wp\/v2\/comments?post=66398"}],"version-history":[{"count":0,"href":"http:\/\/argentinamunicipal.com.ar\/argentina\/wp-json\/wp\/v2\/posts\/66398\/revisions"}],"wp:featuredmedia":[{"embeddable":true,"href":"http:\/\/argentinamunicipal.com.ar\/argentina\/wp-json\/wp\/v2\/media\/66399"}],"wp:attachment":[{"href":"http:\/\/argentinamunicipal.com.ar\/argentina\/wp-json\/wp\/v2\/media?parent=66398"}],"wp:term":[{"taxonomy":"category","embeddable":true,"href":"http:\/\/argentinamunicipal.com.ar\/argentina\/wp-json\/wp\/v2\/categories?post=66398"},{"taxonomy":"post_tag","embeddable":true,"href":"http:\/\/argentinamunicipal.com.ar\/argentina\/wp-json\/wp\/v2\/tags?post=66398"}],"curies":[{"name":"wp","href":"https:\/\/api.w.org\/{rel}","templated":true}]}}