{"id":66401,"date":"2017-08-09T07:30:57","date_gmt":"2017-08-09T10:30:57","guid":{"rendered":"http:\/\/argentinamunicipal.com.ar\/argentina\/?p=66401"},"modified":"2017-08-09T07:30:57","modified_gmt":"2017-08-09T10:30:57","slug":"requiem-la-ciencia","status":"publish","type":"post","link":"http:\/\/argentinamunicipal.com.ar\/argentina\/requiem-la-ciencia\/","title":{"rendered":"Un r\u00e9quiem para la ciencia"},"content":{"rendered":"<p>Las organizaciones de investigadores realizaron un \u201cvelorio\u201d del sistema cient\u00edfico para denunciar el ajuste presupuestario. Hubo una toma pac\u00edfica del Ministerio de Ciencia y las autoridades respondieron con un operativo policial.<\/p>\n<p>Vestidos de luto, con l\u00e1pidas, ata\u00fades y escenograf\u00eda mortuoria, becarios e investigadores realizaron \u201cun velorio de la ciencia\u201d, ante el asedio del ajuste presupuestario instrumentado por el Gobierno. La protesta, en reclamo de respuestas de las autoridades, deriv\u00f3 en una breve toma pac\u00edfica del Ministerio de Ciencia. La respuesta oficial fue, por primera vez desde que existe la cartera, el env\u00edo de polic\u00edas, que ingresaron y acordonaron el edificio ubicado sobre Godoy Cruz al 2200. Finalmente, tras el amplio repudio de la comunidad cient\u00edfica al despliegue policial, el ministro Lino Bara\u00f1ao recibi\u00f3 a representantes de las agrupaciones de investigadores y se comprometi\u00f3 a retomar las negociaciones, suspendidas desde hace tres meses, para reubicar a los 500 investigadores excluidos del Conicet por el recorte de fondos: seg\u00fan se anunci\u00f3, la comisi\u00f3n conformada para tratar ese conflicto se volver\u00e1 a reunir el 22 de agosto, y para ese d\u00eda las organizaciones de cient\u00edficos volver\u00e1n a movilizarse al ministerio.<\/p>\n<p>La protesta comenz\u00f3 ayer a la ma\u00f1ana, pasadas las 10, para \u201cvelar a la ciencia argentina\u201d. Con carteles que dec\u00edan \u201cNo al ajuste\u201d o \u201cCiencia argentina QEPD\u201d, becarios e investigadores montaron un cortejo f\u00fanebre, una procesi\u00f3n que recorri\u00f3 la calle Godoy Cruz y culmin\u00f3 con un discurso dedicado a homenajear a la \u201cciencia difunta\u201d. Adem\u00e1s pensaban entregar un petitorio destinado al ministro Bara\u00f1ao y al presidente Mauricio Macri para exigir la reapertura de la comisi\u00f3n de seguimiento, la instancia de negociaci\u00f3n acordada en diciembre del a\u00f1o pasado para tratar la reincorporaci\u00f3n de los cient\u00edficos excluidos del Conicet, pese a que hab\u00edan superado todas las instancias de evaluaci\u00f3n.<\/p>\n<p>Ante la falta de respuesta, los manifestantes ingresaron al edificio y realizaron una toma pac\u00edfica del hall de acceso, que fue respondida por las autoridades con un amplio operativo policial. Los repudios a la amenaza represiva, expresados desde la comunidad acad\u00e9mica y tambi\u00e9n desde un amplio espectro de organizaciones pol\u00edticas, pronto recorrieron las redes sociales.<\/p>\n<p>Fue entonces cuando los delegados de los cient\u00edficos recibieron una propuesta de los funcionarios: Bara\u00f1ao los recibir\u00eda a cambio de que desalojaran el ministerio. Con el principio de acuerdo en pie, la Polic\u00eda Federal se retir\u00f3 hacia la calle. \u201cHubo un momento de tensi\u00f3n, afuera est\u00e1 todo militarizado, pero vamos a juntarnos con Bara\u00f1ao y, mientras, quedar\u00e1n unos diez compa\u00f1eros en el edificio\u201d, dec\u00eda a P\u00e1ginaI12 Hern\u00e1n Palermo, de Cient\u00edficos y Universitarios Autoconvocados. Entre las organizaciones que participaron de la protesta tambi\u00e9n estaban J\u00f3venes Cient\u00edficos Precarizados, Becarios Empoderados, Red Federal de Afectados del Conicet, ATE-Conicet y AGD-UBA.<\/p>\n<p>\u201cA m\u00e1s de siete meses de la firma del acta acuerdo, no se ha avanzado en solucionar la situaci\u00f3n de los investigadores excluidos y las negociaciones se hallan virtualmente interrumpidas desde que la gesti\u00f3n de Macri y Bara\u00f1ao ha decidido no volver a convocar la comisi\u00f3n, reunida por \u00faltima vez hace tres meses\u201d, advirtieron entonces las agrupaciones de cient\u00edficos.<\/p>\n<p>En la reuni\u00f3n con el ministro, de la que particip\u00f3 tambi\u00e9n Alejandro Ceccato, presidente del Conicet, se acord\u00f3 reabrir la comisi\u00f3n de seguimiento dentro de dos semanas.<\/p>\n<p>M\u00e1s all\u00e1 del conflicto por los investigadores apartados del Conicet, en la protesta los manifestantes denunciaron el vaciamiento del sistema cient\u00edfico. \u201cLa oferta de becas se redujo en un 16 por ciento. Simult\u00e1neamente, se produjo el desmantelamiento de los programas de producci\u00f3n de vagones de carga, de radares y del Sistema A\u00e9reo Rob\u00f3tico Argentino\u201d, plantearon, entre otros ejemplos, e incluyeron la privatizaci\u00f3n parcial de la explotaci\u00f3n comercial y la gesti\u00f3n del sat\u00e9lite Arsat 3. Los investigadores manifestaron, adem\u00e1s, su rechazo al \u201cplan estrat\u00e9gico\u201d que promueven las autoridades del sector \u2013sobre el que ya inform\u00f3 este diario el 18 de julio pasado\u2013, al que definieron como \u201cmercantilista\u201d.<\/p>\n<p>El velorio de la ciencia no s\u00f3lo se realiz\u00f3 frente al ministerio, en la Ciudad de Buenos Aires, sino que tuvo r\u00e9plicas en otras ciudades del pa\u00eds, como Rosario y C\u00f3rdoba.<\/p>\n<h6>Fuente: P\u00e1gina 12<\/h6>\n","protected":false},"excerpt":{"rendered":"<p>Las organizaciones de investigadores realizaron un \u201cvelorio\u201d del sistema cient\u00edfico para denunciar el ajuste presupuestario. Hubo una toma pac\u00edfica del Ministerio de Ciencia y las autoridades respondieron con un operativo policial.<\/p>\n","protected":false},"author":2,"featured_media":66402,"comment_status":"closed","ping_status":"closed","sticky":false,"template":"","format":"standard","meta":{"footnotes":""},"categories":[8],"tags":[21],"class_list":["post-66401","post","type-post","status-publish","format-standard","has-post-thumbnail","hentry","category-informe-nacional","tag-argentina"],"_links":{"self":[{"href":"http:\/\/argentinamunicipal.com.ar\/argentina\/wp-json\/wp\/v2\/posts\/66401","targetHints":{"allow":["GET"]}}],"collection":[{"href":"http:\/\/argentinamunicipal.com.ar\/argentina\/wp-json\/wp\/v2\/posts"}],"about":[{"href":"http:\/\/argentinamunicipal.com.ar\/argentina\/wp-json\/wp\/v2\/types\/post"}],"author":[{"embeddable":true,"href":"http:\/\/argentinamunicipal.com.ar\/argentina\/wp-json\/wp\/v2\/users\/2"}],"replies":[{"embeddable":true,"href":"http:\/\/argentinamunicipal.com.ar\/argentina\/wp-json\/wp\/v2\/comments?post=66401"}],"version-history":[{"count":0,"href":"http:\/\/argentinamunicipal.com.ar\/argentina\/wp-json\/wp\/v2\/posts\/66401\/revisions"}],"wp:featuredmedia":[{"embeddable":true,"href":"http:\/\/argentinamunicipal.com.ar\/argentina\/wp-json\/wp\/v2\/media\/66402"}],"wp:attachment":[{"href":"http:\/\/argentinamunicipal.com.ar\/argentina\/wp-json\/wp\/v2\/media?parent=66401"}],"wp:term":[{"taxonomy":"category","embeddable":true,"href":"http:\/\/argentinamunicipal.com.ar\/argentina\/wp-json\/wp\/v2\/categories?post=66401"},{"taxonomy":"post_tag","embeddable":true,"href":"http:\/\/argentinamunicipal.com.ar\/argentina\/wp-json\/wp\/v2\/tags?post=66401"}],"curies":[{"name":"wp","href":"https:\/\/api.w.org\/{rel}","templated":true}]}}