{"id":66410,"date":"2017-08-09T08:02:42","date_gmt":"2017-08-09T11:02:42","guid":{"rendered":"http:\/\/argentinamunicipal.com.ar\/argentina\/?p=66410"},"modified":"2017-08-09T08:02:42","modified_gmt":"2017-08-09T11:02:42","slug":"intendente-neuquen-quiere-extender-metrobus-cipolletti-centenario","status":"publish","type":"post","link":"http:\/\/argentinamunicipal.com.ar\/argentina\/intendente-neuquen-quiere-extender-metrobus-cipolletti-centenario\/","title":{"rendered":"El Intendente de Neuqu\u00e9n\u00a0quiere extender el Metrobus a Cipolletti y Centenario"},"content":{"rendered":"<p>El proyecto busca el financiamiento del BID. Pretende evitar que 100.000 personas por d\u00eda ingresen por los puentes carreteros en autos, que luego circulan por la capital.<\/p>\n<p>Tan entusiasmado est\u00e1 el intendente Horacio Quiroga con el Metrobus que ahora quiere extenderlo hasta las ciudades de Cipolletti y Centenario. Y para poder ponerlo en marcha, a sus funcionarios les quedan 29 meses, el plazo que resta para finalizar su cuarta gesti\u00f3n.<\/p>\n<p>El anunci\u00f3 se dispar\u00f3 ayer en el acto de relanzamiento de la gesti\u00f3n que Quiroga realiz\u00f3 en el Museo Nacional de Bellas Artes.<\/p>\n<p>El secretario de Movilidad Urbana, Fabi\u00e1n Garc\u00eda explic\u00f3 que para desalentar el uso del auto a las 100.000 personas que a diario ingresan por el puente Neuqu\u00e9n Cipolletti, se pens\u00f3 en tentarlos con el Metrobus.<\/p>\n<p>\u201cLa idea es realizarlo a trav\u00e9s del Programa de Desarrollo de \u00c1reas Metropolitanas del Interior. Presentamos la idea y ahora ellos estudiar\u00e1n la factibilidad de la propuesta y otorgar\u00e1n el financiamiento\u201d, dijo Garc\u00eda.<\/p>\n<p>El proyecto para llegar a Cipolletti con los carriles exclusivos tiene mayor avance en su desarrollo. El funcionario explic\u00f3 que se esta evaluando realizarlo mediante un puente que cruce la ruta 151 a la altura de calle Mariano Moreno en Cipolletti y desemboque en el Parque del Este neuquino. De all\u00ed los usuarios podr\u00e1n utilizar las l\u00edneas internas de la capital para trasladarse.<\/p>\n<p>Con relaci\u00f3n al Metrobus de Neuqu\u00e9n, Quiroga anunci\u00f3 que el 15 de agosto se comenzar\u00e1n las obras de la primera etapa, desde Necochea y Novella hasta avenida del Trabajador y Rohde. En septiembre se licitar\u00e1 la segunda etapa y para fin de a\u00f1o los carriles exclusivos comenzar\u00e1n a tomar forma en el centro de la ciudad. En total tendr\u00e1 60 cuadras de extensi\u00f3n.<\/p>\n<p>El relanzamiento de la gesti\u00f3n del intendente no tuvo sorpresas. Manejando el control remoto del equipo de video fue mostrando en una pantalla cada una de las obras que espera se finalicen antes de diciembre de 2019. \u201cTodo esto estar\u00e1 en marcha y despu\u00e9s del 2019 se podr\u00e1 continuar haciendo obras porque dejaremos un municipio con super\u00e1vit, con cuentas equilibradas y sin deudas\u201d, insisti\u00f3.<\/p>\n<p>Entre los proyectos m\u00e1s importantes que est\u00e1n prontos a comenzar se encuentran adem\u00e1s del Metrobus, la avenida De los R\u00edos, \u201cque continuar\u00e1 llam\u00e1ndose avenida Argentina\u201d y que conectar\u00e1 el r\u00edo Limay, a la altura del balneario R\u00edo Grande con el r\u00edo Neuqu\u00e9n a la altura de la Autov\u00eda Norte.<\/p>\n<p>El secretario de Obras P\u00fablicas y candidato a concejal por Cambiemos, Guillermo Monzani explic\u00f3 que esa v\u00eda de conexi\u00f3n tendr\u00e1 una rotonda en cercan\u00edas del barrio Rinc\u00f3n de Emilio que permitir\u00e1 \u201cacceder a Parque Norte por otro sector de la ciudad que hoy es de dif\u00edcil acceso y que contar\u00e1 con estaciones saludables y senderos.<\/p>\n<p>En el paquete de obras de conectividad, el funcionario incluy\u00f3 tambi\u00e9n el proyecto de elevaci\u00f3n de la ruta 7 que cruzar\u00e1 sobre la rotonda de Doctor Ram\u00f3n y la apertura de calle Albard\u00f3n entre ruta 7 y avenida Argentina. El llamado a licitaci\u00f3n est\u00e1 previsto para septiembre de 2017.<\/p>\n<p>\u201cDe cada 100 pesos que ingresan, la Municipalidad debe 16 centavos. De cada 100 pesos que ingresan en provincia, debe 56\u201d,<br \/>\ndijo Horacio Quiroga, intendente de la ciudad de Neuqu\u00e9n.<\/p>\n<p><strong>Servicios, energ\u00eda sustentable y aire libre<\/strong><br \/>\n22 kil\u00f3metros de ciclov\u00edas y bicisendas. Se construir\u00e1n biciestaciones donde el vecino con la SUBE podr\u00e1 tomar un rodado y utilizarlo.<\/p>\n<p>Nuevo edificio municipal. Ser\u00e1 un edificio autosustentable que estar\u00e1 terminado a fines del 2018.<\/p>\n<p>Servicios. 500 millones de pesos en cloacas, agua y desag\u00fces pluvioaluvionales.<\/p>\n<p><strong>La Feria del Libro de Neuqu\u00e9n ser\u00e1 en septiembre<\/strong><br \/>\nEl secretario de Cultura del municipio, Andr\u00e9s Ros anunci\u00f3 que la quinta edici\u00f3n de la Feria Internacional del Libre de Neuqu\u00e9n se realizar\u00e1 del 1 al 10 de septiembre. El 16 de agosto se dar\u00e1 a conocer la grilla de los reconocidos escritores que estar\u00e1n presentes.<br \/>\nLas actividades se concentrar\u00e1n en el Museo Nacional de Bellas Artes y si bien no hay mayores detalles de lo que ser\u00e1 una nueva edicion de la feria, Ros adelant\u00f3 que se contar\u00e1 con la presencia de 50 editoriales.<br \/>\nSeg\u00fan los datos del Ejecutivo, la municipalidad destina el 0,6% de su presupuesto a la cultural. Esto incluye la Fiesta de la Confluencia, el Verano Cultural, el circuitos de los museos y actividades barriales.<\/p>\n<h6>Fuente: R\u00edo Negro<\/h6>\n","protected":false},"excerpt":{"rendered":"<p>El proyecto busca el financiamiento del BID. Pretende evitar que 100.000 personas por d\u00eda ingresen por los puentes carreteros en autos, que luego circulan por la capital.<\/p>\n","protected":false},"author":2,"featured_media":66411,"comment_status":"closed","ping_status":"closed","sticky":false,"template":"","format":"standard","meta":{"footnotes":""},"categories":[2],"tags":[23],"class_list":["post-66410","post","type-post","status-publish","format-standard","has-post-thumbnail","hentry","category-informe-municipal","tag-neuquen"],"_links":{"self":[{"href":"http:\/\/argentinamunicipal.com.ar\/argentina\/wp-json\/wp\/v2\/posts\/66410","targetHints":{"allow":["GET"]}}],"collection":[{"href":"http:\/\/argentinamunicipal.com.ar\/argentina\/wp-json\/wp\/v2\/posts"}],"about":[{"href":"http:\/\/argentinamunicipal.com.ar\/argentina\/wp-json\/wp\/v2\/types\/post"}],"author":[{"embeddable":true,"href":"http:\/\/argentinamunicipal.com.ar\/argentina\/wp-json\/wp\/v2\/users\/2"}],"replies":[{"embeddable":true,"href":"http:\/\/argentinamunicipal.com.ar\/argentina\/wp-json\/wp\/v2\/comments?post=66410"}],"version-history":[{"count":0,"href":"http:\/\/argentinamunicipal.com.ar\/argentina\/wp-json\/wp\/v2\/posts\/66410\/revisions"}],"wp:featuredmedia":[{"embeddable":true,"href":"http:\/\/argentinamunicipal.com.ar\/argentina\/wp-json\/wp\/v2\/media\/66411"}],"wp:attachment":[{"href":"http:\/\/argentinamunicipal.com.ar\/argentina\/wp-json\/wp\/v2\/media?parent=66410"}],"wp:term":[{"taxonomy":"category","embeddable":true,"href":"http:\/\/argentinamunicipal.com.ar\/argentina\/wp-json\/wp\/v2\/categories?post=66410"},{"taxonomy":"post_tag","embeddable":true,"href":"http:\/\/argentinamunicipal.com.ar\/argentina\/wp-json\/wp\/v2\/tags?post=66410"}],"curies":[{"name":"wp","href":"https:\/\/api.w.org\/{rel}","templated":true}]}}