{"id":66421,"date":"2017-08-09T08:27:24","date_gmt":"2017-08-09T11:27:24","guid":{"rendered":"http:\/\/argentinamunicipal.com.ar\/argentina\/?p=66421"},"modified":"2017-08-09T08:27:24","modified_gmt":"2017-08-09T11:27:24","slug":"posible-reduccion-fondos-coparticipables-preocupa-intendentes-entrerrianos","status":"publish","type":"post","link":"http:\/\/argentinamunicipal.com.ar\/argentina\/posible-reduccion-fondos-coparticipables-preocupa-intendentes-entrerrianos\/","title":{"rendered":"Posible reducci\u00f3n de fondos coparticipables preocupa a intendentes entrerrianos"},"content":{"rendered":"<p>La Liga de Intendentes Justicialistas de Entre R\u00edos alert\u00f3 \u00abpor el intempestivo accionar de la gobernadora de la provincia de Buenos Aires, Mar\u00eda Eugenia Vidal, al solicitar ante la Corte Suprema de Justicia de la Naci\u00f3n un pronunciamiento por la distribuci\u00f3n de recursos federales, sintetizado en el concepto del R\u00e9gimen de Coparticipaci\u00f3n Federal de Impuestos, orden proveniente de leyes votadas en el Congreso de la Naci\u00f3n\u00bb<\/p>\n<p>Los jefes comunales emitieron un comunicado d\u00f3nde expresan \u00absu profunda preocupaci\u00f3n, dado que en el marco de un proceso electoral de renovaci\u00f3n parcial del parlamento argentino, desde las autoridades nacionales y desde la provincia de Buenos Aires, se env\u00edan se\u00f1ales muy claras que van en detrimento de la actividad legislativa, dado que de acuerdo a los preceptos constitucionales para que sea reformado el sistema de asignaci\u00f3n de recursos, debe haber un acuerdo votado por las 24 legislaturas provinciales\u00bb.<\/p>\n<p>\u00abLa cl\u00e1usula constitucional, que a primera vista genera una enorme complejidad para llevar adelante la reforma, es sin embargo un sabio freno a la probable intromisi\u00f3n de otros poderes en las regulaciones que son potestad del Poder Legislativo, por lo que resulta indispensable un pronunciamiento p\u00fablico de parte de los candidatos de Cambiemos, en el sentido de qu\u00e9 actitud van a tomar ante la petici\u00f3n ante la Justicia de la gobernadora de la provincia de Buenos Aires\u00bb, indicaron.<\/p>\n<p>Los intendentes de la liga argumentaron que \u00abse habla de una p\u00e9rdida de 3600 millones de pesos como m\u00ednimo que no van a llegar a nuestra provincia, de los cuales un 16 por ciento se distribuye entre los municipios sin ninguna distinci\u00f3n ni prerrogativa, por lo que tambi\u00e9n instamos a nuestros colegas de Cambiemos que eleven su voz en el mismo sentido para lograr una posici\u00f3n s\u00f3lida desde todas las fuerzas pol\u00edticas\u00bb.<\/p>\n<p>\u00abComo dice el gobernador Bordet, necesitamos diputados que vayan a defender nuestra provincia, no que vayan a defender un criterio nacionalizado. En estas elecciones que son nacionales debe quedar claro a la ciudadan\u00eda que se protege lo entrerriano, lo nuestro\u00bb, finalizaron.<\/p>\n<h6>Fuente: El Once<\/h6>\n","protected":false},"excerpt":{"rendered":"<p>Los jefes comunales entrerrianos del justicialismo expusieron su preocupaci\u00f3n por una posible reducci\u00f3n de fondos en caso de prosperar la demanda que entablo el gobierno de Buenos Aires ante Corte Suprema.<\/p>\n","protected":false},"author":2,"featured_media":66422,"comment_status":"closed","ping_status":"closed","sticky":false,"template":"","format":"standard","meta":{"footnotes":""},"categories":[5],"tags":[17],"class_list":["post-66421","post","type-post","status-publish","format-standard","has-post-thumbnail","hentry","category-informe-economico","tag-entre-rios"],"_links":{"self":[{"href":"http:\/\/argentinamunicipal.com.ar\/argentina\/wp-json\/wp\/v2\/posts\/66421","targetHints":{"allow":["GET"]}}],"collection":[{"href":"http:\/\/argentinamunicipal.com.ar\/argentina\/wp-json\/wp\/v2\/posts"}],"about":[{"href":"http:\/\/argentinamunicipal.com.ar\/argentina\/wp-json\/wp\/v2\/types\/post"}],"author":[{"embeddable":true,"href":"http:\/\/argentinamunicipal.com.ar\/argentina\/wp-json\/wp\/v2\/users\/2"}],"replies":[{"embeddable":true,"href":"http:\/\/argentinamunicipal.com.ar\/argentina\/wp-json\/wp\/v2\/comments?post=66421"}],"version-history":[{"count":0,"href":"http:\/\/argentinamunicipal.com.ar\/argentina\/wp-json\/wp\/v2\/posts\/66421\/revisions"}],"wp:featuredmedia":[{"embeddable":true,"href":"http:\/\/argentinamunicipal.com.ar\/argentina\/wp-json\/wp\/v2\/media\/66422"}],"wp:attachment":[{"href":"http:\/\/argentinamunicipal.com.ar\/argentina\/wp-json\/wp\/v2\/media?parent=66421"}],"wp:term":[{"taxonomy":"category","embeddable":true,"href":"http:\/\/argentinamunicipal.com.ar\/argentina\/wp-json\/wp\/v2\/categories?post=66421"},{"taxonomy":"post_tag","embeddable":true,"href":"http:\/\/argentinamunicipal.com.ar\/argentina\/wp-json\/wp\/v2\/tags?post=66421"}],"curies":[{"name":"wp","href":"https:\/\/api.w.org\/{rel}","templated":true}]}}