{"id":66433,"date":"2017-08-09T06:38:23","date_gmt":"2017-08-09T09:38:23","guid":{"rendered":"http:\/\/argentinamunicipal.com.ar\/argentina\/?p=66433"},"modified":"2017-08-09T08:41:29","modified_gmt":"2017-08-09T11:41:29","slug":"los-centros-comerciales-cielo-abierto-rosario-tendran-luminarias-led","status":"publish","type":"post","link":"http:\/\/argentinamunicipal.com.ar\/argentina\/los-centros-comerciales-cielo-abierto-rosario-tendran-luminarias-led\/","title":{"rendered":"Los centros comerciales a cielo abierto\u00a0de Rosario tendr\u00e1n luminarias LED"},"content":{"rendered":"<p>\u00abEs una mejora para los comercios y tambi\u00e9n para los barrios\u201d, indic\u00f3 Lifschitz respecto a la iniciativa que demandar\u00e1 una inversi\u00f3n de $ 68 millones.<\/p>\n<p>El gobernador de Santa Fe, Miguel Lifschitz, y la intendenta de Rosario, M\u00f3nica Fein, formalizaron este martes un convenio para poner en valor los Centros Comerciales a Cielo Abierto de la ciudad.<\/p>\n<p>El objetivo es modernizar el alumbrado p\u00fablico con artefactos LED y tambi\u00e9n incorporar un Sistema de Control de Telegesti\u00f3n que perfilar\u00e1 a Rosario como \u201cciudad inteligente\u201d y optimizar\u00e1 servicios. Los trabajos demandar\u00e1n una inversi\u00f3n de $ 68 millones.<\/p>\n<p>\u00abRosario es un ejemplo en el trabajo con los centros comerciales y en la promoci\u00f3n del peque\u00f1o comercio de barrio. La idea es poder brindarles la ventaja de una buena y moderna iluminaci\u00f3n LED que ampl\u00eda la seguridad y permite que las personas puedan circular de noche sin dificultades, y adem\u00e1s permite extender los horarios de la actividad comercial; en definitiva es una mejora para los comercios y tambi\u00e9n para los barrios\u201d, explic\u00f3 Lifschitz<\/p>\n<p>\u201cMejorar la iluminaci\u00f3n tambi\u00e9n contribuye a la seguridad de los ciudadanos y de los propios comerciantes\u201d ratific\u00f3 y a\u00f1adi\u00f3 que la firma del convenio significa \u201creafirmar el compromiso del gobierno provincial de seguir trabajando en la direcci\u00f3n correcta, porque creemos en la necesidad de la reactivaci\u00f3n de la econom\u00eda y sobre todo en la del mercado interno, porque no hay econom\u00eda en ning\u00fan pa\u00eds del mundo que funcione si no hay consumo ni comercio, si no hay desarrollo de las peque\u00f1as y medianas empresas. Y por eso hemos puesto mucho \u00e9nfasis en defender lo que tenemos, en trabajar para crecer y generar nuevos emprendimientos e inversiones\u201d.<\/p>\n<p>\u201cAs\u00ed que con este objetivo como horizonte y celebrando este paso adelante que damos hoy, espero que en pocos meses podamos recorrer los 28 centros comerciales de noche a plena luz del d\u00eda\u201d, resalt\u00f3 Lifschitz.<\/p>\n<p>Se prev\u00e9 que para abril de 2018 todos los centros comerciales a cielo abierto de la ciudad tengan iluminaci\u00f3n LED, con la instalaci\u00f3n de 3300 luminarias en 275 cuadras.<\/p>\n<p>La firma tuvo lugar en la sede de la Asociaci\u00f3n Empresaria de Rosario (AER), y cont\u00f3 tambi\u00e9n con la presencia del ministro de la Producci\u00f3n de la provincia, Luis Contigiani; el secretario general del municipio Pablo Javkin y el presidente de la casa anfitriona, Ricardo Diab, entre otras autoridades.<\/p>\n<p>EL COMERCIO COMO MOTOR ECON\u00d3MICO<\/p>\n<p>Contigiani, por su parte, se\u00f1al\u00f3 que \u201cel comercio es el motor econ\u00f3mico de la ciudad, factura entre el 43 y el 50 por ciento de la actividad econ\u00f3mica rosarina\u201d.<\/p>\n<p>\u201cA pesar de que el escenario actual es dif\u00edcil, tanto por el alza del costo de los servicios como por la ca\u00edda de las ventas, Rosario avanza e invierte en la actividad econ\u00f3mica\u201d, a\u00f1adi\u00f3.<\/p>\n<p>Contigiani adem\u00e1s dijo que el convenio firmado hoy \u201cEs una gran noticia\u201d y convoc\u00f3 a los comerciantes a \u201cSeguir siendo protagonistas de este gran movimiento de la econom\u00eda local\u201d.<\/p>\n<p>Fein, por su parte, se\u00f1al\u00f3 \u201cEste convenio permitir\u00e1 darle vida a nuestros barrios y profundizar\u00e1 la actividad econ\u00f3mica de la ciudad\u201d. La intendenta felicit\u00f3 \u201cla decisi\u00f3n pol\u00edtica del gobierno provincial de llevar adelante la iniciativa\u201d.<\/p>\n<p>Finalmente, Javkin record\u00f3 \u00abHace algunos meses el Concejo le impidi\u00f3 a los centros comerciales y a sus vecinos avanzar en esta posibilidad al no aprobar el pedido de endeudamiento. Hoy, gracias al trabajo conjunto con provincia, podremos comenzar a concretar esta obra tan importante como lo es la iluminaci\u00f3n LED, que cambia el entorno, da m\u00e1s seguridad, impulsa el comercio barrial y adem\u00e1s es m\u00e1s sustentable\u201d.<\/p>\n<p>LAS MEJORAS<\/p>\n<p>La iniciativa se enmarca en el Programa de \u201cFomento y Desarrollo de los Centros Comerciales a Cielo Abierto\u201d, y los trabajos ser\u00e1n concretados a trav\u00e9s del Ministerio de la Producci\u00f3n y el Sumar. Consiste en la incorporaci\u00f3n de tecnolog\u00eda telegesti\u00f3n para la mejora del servicio de alumbrado, el ahorro energ\u00e9tico y la posibilidad de puesta en marcha de un sistema de Smart city.<\/p>\n<p>Entre las ventajas de la tecnolog\u00eda LED tambi\u00e9n se destaca la reducci\u00f3n de costos y del consumo energ\u00e9tico, lo que se traduce en un servicio m\u00e1s eficiente, econ\u00f3mico y sostenible.<\/p>\n<p>El beneficio de la nueva infraestructura no ser\u00e1 s\u00f3lo para los comercios adheridos sino tambi\u00e9n lo ser\u00e1 para la sociedad en su conjunto, en cuanto a la incorporaci\u00f3n de calidad en el espacio p\u00fablico, con una mejor iluminaci\u00f3n y otras mejoras urbanas.<\/p>\n<h6>Fuente:\u00a0Sin Mordaza<\/h6>\n","protected":false},"excerpt":{"rendered":"<p>\u00abEs una mejora para los comercios y tambi\u00e9n para los barrios\u201d, indic\u00f3 Lifschitz respecto a la iniciativa que demandar\u00e1 una inversi\u00f3n de $ 68 millones.<\/p>\n","protected":false},"author":2,"featured_media":66434,"comment_status":"closed","ping_status":"closed","sticky":false,"template":"","format":"standard","meta":{"footnotes":""},"categories":[2],"tags":[10],"class_list":["post-66433","post","type-post","status-publish","format-standard","has-post-thumbnail","hentry","category-informe-municipal","tag-santa-fe"],"_links":{"self":[{"href":"http:\/\/argentinamunicipal.com.ar\/argentina\/wp-json\/wp\/v2\/posts\/66433","targetHints":{"allow":["GET"]}}],"collection":[{"href":"http:\/\/argentinamunicipal.com.ar\/argentina\/wp-json\/wp\/v2\/posts"}],"about":[{"href":"http:\/\/argentinamunicipal.com.ar\/argentina\/wp-json\/wp\/v2\/types\/post"}],"author":[{"embeddable":true,"href":"http:\/\/argentinamunicipal.com.ar\/argentina\/wp-json\/wp\/v2\/users\/2"}],"replies":[{"embeddable":true,"href":"http:\/\/argentinamunicipal.com.ar\/argentina\/wp-json\/wp\/v2\/comments?post=66433"}],"version-history":[{"count":0,"href":"http:\/\/argentinamunicipal.com.ar\/argentina\/wp-json\/wp\/v2\/posts\/66433\/revisions"}],"wp:featuredmedia":[{"embeddable":true,"href":"http:\/\/argentinamunicipal.com.ar\/argentina\/wp-json\/wp\/v2\/media\/66434"}],"wp:attachment":[{"href":"http:\/\/argentinamunicipal.com.ar\/argentina\/wp-json\/wp\/v2\/media?parent=66433"}],"wp:term":[{"taxonomy":"category","embeddable":true,"href":"http:\/\/argentinamunicipal.com.ar\/argentina\/wp-json\/wp\/v2\/categories?post=66433"},{"taxonomy":"post_tag","embeddable":true,"href":"http:\/\/argentinamunicipal.com.ar\/argentina\/wp-json\/wp\/v2\/tags?post=66433"}],"curies":[{"name":"wp","href":"https:\/\/api.w.org\/{rel}","templated":true}]}}