{"id":66446,"date":"2017-08-10T06:43:28","date_gmt":"2017-08-10T09:43:28","guid":{"rendered":"http:\/\/argentinamunicipal.com.ar\/argentina\/?p=66446"},"modified":"2017-08-10T06:43:28","modified_gmt":"2017-08-10T09:43:28","slug":"desesperado-intendente-trenque-lauquen-puso-colectivo-frenar-la-inundacion","status":"publish","type":"post","link":"http:\/\/argentinamunicipal.com.ar\/argentina\/desesperado-intendente-trenque-lauquen-puso-colectivo-frenar-la-inundacion\/","title":{"rendered":"Desesperado, el intendente de Trenque Lauquen puso un colectivo para frenar la inundaci\u00f3n"},"content":{"rendered":"<p>La comuna cruz\u00f3 un colectivo en desuso y dos combis para cerrar la brecha abierta en el canal Cuero de Zorro. El operativo qued\u00f3 registrado por las c\u00e1maras.<\/p>\n<p>El implacable avance del agua en el noroeste bonaerense, que amenaza desatar una verdadera guerra entre comunas vecinas que, desesperadas, buscan evitar el anegamiento de campos y poblaciones, sum\u00f3 un extra\u00f1o cap\u00edtulo esta tarde, cuando a la municipalidad de Trenque Lauquen no le qued\u00f3 m\u00e1s que colocar veh\u00edculos en desuso para bloquear el paso del agua.<\/p>\n<p>Fue en el canal Cuero de Zorro, en donde el fin de semana, desconocidos abrieron una brecha que amenaz\u00f3 a poblaciones del distrito. El municipio inici\u00f3 una acci\u00f3n penal para que la Justicia determine la responsabilidad de quienes da\u00f1aron las compuertas y, a la par,\u00a0se mont\u00f3 un operativo a cargo de la Direcci\u00f3n Provincial de Hidr\u00e1ulica, que contrat\u00f3 a una empresa privada para realizar los trabajos, y con la predisposici\u00f3n de todo el equipamiento y personal municipal para trabajar en esta tarea, seg\u00fan se inform\u00f3 en un parte de prensa.<\/p>\n<p>Si bien durante el fin de semana se encararon acciones para producir el cierre de la brecha, las inclemencias clim\u00e1ticas y la falta de piso y el barro dificult\u00f3 la tarea, por lo cual se gestion\u00f3 el env\u00edo de plateas de piedra que llegaron hoy, aunque no se pudieron colocar porque el piso estaba blando.<\/p>\n<p>As\u00ed las cosas, y ante la desesperaci\u00f3n, el Municipio decidi\u00f3 colocar sobre el cause \u00abun colectivo en desuso y dos combis\u00bb a las que sumar\u00e1 ma\u00f1ana \u00abel chasis de una vieja retroexcavadora\u00bb, siempre de acuerdo a la informaci\u00f3n oficial. El operativo qued\u00f3 registrado por las c\u00e1maras en el lugar. Mir\u00e1 el video en esta nota.<\/p>\n<h6>Fuente: InfoCielo<\/h6>\n","protected":false},"excerpt":{"rendered":"<p>La comuna cruz\u00f3 un colectivo en desuso y dos combis para cerrar la brecha abierta en el canal Cuero de Zorro. El operativo qued\u00f3 registrado por las c\u00e1maras.<\/p>\n","protected":false},"author":2,"featured_media":66447,"comment_status":"closed","ping_status":"closed","sticky":false,"template":"","format":"standard","meta":{"footnotes":""},"categories":[2],"tags":[12],"class_list":["post-66446","post","type-post","status-publish","format-standard","has-post-thumbnail","hentry","category-informe-municipal","tag-buenos-aires"],"_links":{"self":[{"href":"http:\/\/argentinamunicipal.com.ar\/argentina\/wp-json\/wp\/v2\/posts\/66446","targetHints":{"allow":["GET"]}}],"collection":[{"href":"http:\/\/argentinamunicipal.com.ar\/argentina\/wp-json\/wp\/v2\/posts"}],"about":[{"href":"http:\/\/argentinamunicipal.com.ar\/argentina\/wp-json\/wp\/v2\/types\/post"}],"author":[{"embeddable":true,"href":"http:\/\/argentinamunicipal.com.ar\/argentina\/wp-json\/wp\/v2\/users\/2"}],"replies":[{"embeddable":true,"href":"http:\/\/argentinamunicipal.com.ar\/argentina\/wp-json\/wp\/v2\/comments?post=66446"}],"version-history":[{"count":0,"href":"http:\/\/argentinamunicipal.com.ar\/argentina\/wp-json\/wp\/v2\/posts\/66446\/revisions"}],"wp:featuredmedia":[{"embeddable":true,"href":"http:\/\/argentinamunicipal.com.ar\/argentina\/wp-json\/wp\/v2\/media\/66447"}],"wp:attachment":[{"href":"http:\/\/argentinamunicipal.com.ar\/argentina\/wp-json\/wp\/v2\/media?parent=66446"}],"wp:term":[{"taxonomy":"category","embeddable":true,"href":"http:\/\/argentinamunicipal.com.ar\/argentina\/wp-json\/wp\/v2\/categories?post=66446"},{"taxonomy":"post_tag","embeddable":true,"href":"http:\/\/argentinamunicipal.com.ar\/argentina\/wp-json\/wp\/v2\/tags?post=66446"}],"curies":[{"name":"wp","href":"https:\/\/api.w.org\/{rel}","templated":true}]}}