{"id":66462,"date":"2017-08-10T07:07:59","date_gmt":"2017-08-10T10:07:59","guid":{"rendered":"http:\/\/argentinamunicipal.com.ar\/argentina\/?p=66462"},"modified":"2017-08-10T07:07:59","modified_gmt":"2017-08-10T10:07:59","slug":"pobre-la-mitad-los-adultos-mayores-mar-del-plata","status":"publish","type":"post","link":"http:\/\/argentinamunicipal.com.ar\/argentina\/pobre-la-mitad-los-adultos-mayores-mar-del-plata\/","title":{"rendered":"Es pobre la mitad de los adultos mayores de\u00a0Mar del Plata"},"content":{"rendered":"<p>Recorte en la cobertura de remedios y tratamientos y falta de camas en instituciones p\u00fablicas y privadas son los principales problemas de los jubilados marplatenses.<\/p>\n<p>La mitad de los adultos mayores del partido de General Pueyrredon es pobre. As\u00ed lo asegur\u00f3 Carina Ponce, responsable del \u00e1rea Adultos Mayores de la Defensor\u00eda del Pueblo bonaerense.<br \/>\nEn General Pueyrredon las personas de m\u00e1s de 60 a\u00f1os representan cerca del 20% de la poblaci\u00f3n. \u201cLa mitad vive en hogares pobres\u201d, dijo Ponce a LA CAPITAL.<br \/>\nAdem\u00e1s, de los 135 mil jubilados que tiene el partido, actualmente hay 35 mil sin prestador designado por la obra social.<br \/>\n\u201cEs decir que PAMI no les asigna un hospital o cl\u00ednica al cual acudir; s\u00f3lo les asigna un m\u00e9dico de cabecera y un oculista\u201d, explic\u00f3 Ponce, y agreg\u00f3 que \u201cen casos graves o de internaci\u00f3n, la persona tiene que volver a PAMI para que el organismo contrate una c\u00e1pita extra y lo derive a alg\u00fan centro de atenci\u00f3n\u201d.<br \/>\nEn este contexto, hoy se ve con algo de esperanza la reapertura del ex sanatorio Emhsa -anunciada oficialmente para septiembre-, que aportar\u00eda unas 200 plazas para afiliados al PAMI.<br \/>\n\u201cYa estaban faltando camas\u201d, aclar\u00f3 Ponce, y se\u00f1al\u00f3 que la falta de lugares espec\u00edficos para la atenci\u00f3n de los adultos mayores no se origin\u00f3 \u201cs\u00f3lo por el cierre del ex Emhsa (ahora ?Eva Per\u00f3n?); tambi\u00e9n el Sanatorio Belgrano hab\u00eda cerrado el servicio para c\u00e1pitas de PAMI y el Regional no toma gente si no es c\u00e1pita del hospital porque no tiene la capacidad para absorber a m\u00e1s personas\u201d.<\/p>\n<p><strong>Recorte en los medicamentos<\/strong><\/p>\n<p>Desde su puesta en funcionamiento hace poco m\u00e1s de un mes, la delegaci\u00f3n marplatense de la Defensor\u00eda del Pueblo ha recibido diversos reclamos y consultas vinculados a los recortes en la cobertura de los tratamientos de salud por parte del PAMI.<br \/>\nVale recordar que en enero de este a\u00f1o las autoridades de la obra social de los jubilados argentinos emiti\u00f3 la Disposici\u00f3n Conjunta 0005\/17 que recorta el acceso a los medicamentos, hasta ese momento garantizado en un 100%.<br \/>\nEn la medida, el organismo estableci\u00f3 ciertas condiciones para obtener la cobertura total de los remedios, entre ellas: tener ingreso menor o igual a 1,5 haberes previsionales m\u00ednimos, no estar afiliado a ninguna prepaga y no poseer m\u00e1s de un inmueble ni un veh\u00edculo con menos de 10 a\u00f1os de antig\u00fcedad, entre otros.<br \/>\nPonce consider\u00f3 que con esta decisi\u00f3n, el gobierno nacional \u201cest\u00e1 vulnerando el derecho de acceso a la salud\u201d.<br \/>\n\u201cHay afiliados a PAMI que han cortado el tratamiento m\u00e9dico por no tener los medicamentos o no acceder a comprarlos\u201d, asegur\u00f3, y destac\u00f3 que en la actualidad hay cerca de 4 mil expedientes en tr\u00e1mite por este tema en la Defensor\u00eda.<br \/>\n\u201cLa tardanza de esos expedientes hace que por 2 \u00f3 3 meses la gente no acceda a los medicamentos\u201d, se\u00f1al\u00f3.<\/p>\n<p><strong>Quita de prestaciones y falta de vacunas<\/strong><\/p>\n<p>Por otro lado, Ponce detall\u00f3 que en la Defensor\u00eda tambi\u00e9n se reciben quejas referidas \u201ca todas las resoluciones de achicamiento y quita de prestaciones domiciliarias de PAMI y a las complicaciones que surgen a la hora de pedir un traslado de urgencia\u201d.<br \/>\nLa titular del \u00e1rea Adultos Mayores denunci\u00f3 adem\u00e1s que \u00e9ste es el segundo a\u00f1o consecutivo que la obra social que preside Sergio Cassinotti -ex titular de IOMA del gobierno de Mar\u00eda Eugenia Vidal- no env\u00eda la vacuna contra el neumococo a las farmacias.<br \/>\n\u201cEs una vacuna que se debe reforzar cada 5 a\u00f1os: el operativo m\u00e1s grande se hizo hace 7 a\u00f1os, es decir que se debi\u00f3 haber vacunado en 2016, pero hasta el momento no se hizo\u201d, precis\u00f3.<br \/>\nFinalmente, la delegaci\u00f3n local del organismo que a nivel provincial conduce Guido Lorenzino ha recogido diversas consultas sobre la realizaci\u00f3n de tr\u00e1mites en Anses y el IPS y reclamos vinculados al cobro de haberes en determinados bancos.<\/p>\n<h6>Fuente: La Capital Mar del Plata<\/h6>\n","protected":false},"excerpt":{"rendered":"<p>Recorte en la cobertura de remedios y tratamientos y falta de camas en instituciones p\u00fablicas y privadas son los principales problemas de los jubilados marplatenses.<\/p>\n","protected":false},"author":2,"featured_media":66463,"comment_status":"closed","ping_status":"closed","sticky":false,"template":"","format":"standard","meta":{"footnotes":""},"categories":[2],"tags":[12],"class_list":["post-66462","post","type-post","status-publish","format-standard","has-post-thumbnail","hentry","category-informe-municipal","tag-buenos-aires"],"_links":{"self":[{"href":"http:\/\/argentinamunicipal.com.ar\/argentina\/wp-json\/wp\/v2\/posts\/66462","targetHints":{"allow":["GET"]}}],"collection":[{"href":"http:\/\/argentinamunicipal.com.ar\/argentina\/wp-json\/wp\/v2\/posts"}],"about":[{"href":"http:\/\/argentinamunicipal.com.ar\/argentina\/wp-json\/wp\/v2\/types\/post"}],"author":[{"embeddable":true,"href":"http:\/\/argentinamunicipal.com.ar\/argentina\/wp-json\/wp\/v2\/users\/2"}],"replies":[{"embeddable":true,"href":"http:\/\/argentinamunicipal.com.ar\/argentina\/wp-json\/wp\/v2\/comments?post=66462"}],"version-history":[{"count":0,"href":"http:\/\/argentinamunicipal.com.ar\/argentina\/wp-json\/wp\/v2\/posts\/66462\/revisions"}],"wp:featuredmedia":[{"embeddable":true,"href":"http:\/\/argentinamunicipal.com.ar\/argentina\/wp-json\/wp\/v2\/media\/66463"}],"wp:attachment":[{"href":"http:\/\/argentinamunicipal.com.ar\/argentina\/wp-json\/wp\/v2\/media?parent=66462"}],"wp:term":[{"taxonomy":"category","embeddable":true,"href":"http:\/\/argentinamunicipal.com.ar\/argentina\/wp-json\/wp\/v2\/categories?post=66462"},{"taxonomy":"post_tag","embeddable":true,"href":"http:\/\/argentinamunicipal.com.ar\/argentina\/wp-json\/wp\/v2\/tags?post=66462"}],"curies":[{"name":"wp","href":"https:\/\/api.w.org\/{rel}","templated":true}]}}