{"id":66466,"date":"2017-08-10T07:18:11","date_gmt":"2017-08-10T10:18:11","guid":{"rendered":"http:\/\/argentinamunicipal.com.ar\/argentina\/?p=66466"},"modified":"2017-08-10T07:18:11","modified_gmt":"2017-08-10T10:18:11","slug":"preocupacion-la-venta-reservas-del-banco-central-fue-la-segunda-mas-importante-14-anos","status":"publish","type":"post","link":"http:\/\/argentinamunicipal.com.ar\/argentina\/preocupacion-la-venta-reservas-del-banco-central-fue-la-segunda-mas-importante-14-anos\/","title":{"rendered":"Preocupaci\u00f3n: la venta de reservas del Banco Central fue la segunda m\u00e1s importante en 14 a\u00f1os"},"content":{"rendered":"<p>La entidad que capitanea Federico Sturzenegger sacrific\u00f3 US$ 584 millones. As\u00ed y todo, no pudo evitar que la divisa norteamericana trepara otros 7 centavos.<\/p>\n<p>La corrida del d\u00f3lar preocupa sobremanera al gobierno. Tanto es as\u00ed que hoy\u00a0el Banco Central vendi\u00f3 nada menos que US$ 584 millones\u00a0para evitar que la cotizaci\u00f3n siguiera ascendiendo.<\/p>\n<p>El economista Mariano Kestelboim record\u00f3 a trav\u00e9s de su cuenta en la red social Twitter que es\u00a0la segunda mayor marca desde enero de 2003. La venta m\u00e1s grande ocurri\u00f3 el 1 de octubre de 2015, tambi\u00e9n en \u00e9poca preelectoral, pero con una diferencia: en aquella ocasi\u00f3n, el gobierno s\u00ed hab\u00eda conseguido mantener fija la cotizaci\u00f3n de la moneda norteamericana. Hoy, en cambio, su precio subi\u00f3 7 centavos pese a la intervenci\u00f3n oficial.<\/p>\n<p>De este modo,\u00a0en las \u00faltimas nueve jornadas cambiarias, el BCRA se desprendi\u00f3 de US$ 1300 millones, adem\u00e1s de medidas adicionales como mantener alta la tasa de inter\u00e9s para tentar a los ahorristas y quitar presi\u00f3n sobre el d\u00f3lar.<\/p>\n<p>Tambi\u00e9n en su cuenta de Twitter, el economista, periodista y docente explic\u00f3 cu\u00e1l es la causa principal de la suba del d\u00f3lar, m\u00e1s all\u00e1 del escenario electoral. Seg\u00fan su \u00f3ptica,\u00a0el d\u00e9ficit de la cuenta corriente del pa\u00eds es es la clave, y destac\u00f3 que el del primer trimestre es\u00a0r\u00e9cord hist\u00f3rico.<\/p>\n<p>M\u00e1s all\u00e1 de esto \u00faltimo, y volviendo a lo coyuntural y el corto plazo, tanto el gobierno como muchos analistas temen no tanto lo que pueda pasar en estas \u00faltimas dos jornadas antes de las PASO,\u00a0sino la semana pr\u00f3xima en caso de que al oficialismo no le vaya bien\u00a0en estos comicios.<\/p>\n<h6>Fuente: InfoNews<\/h6>\n","protected":false},"excerpt":{"rendered":"<p>La entidad que capitanea Federico Sturzenegger sacrific\u00f3 US$ 584 millones. As\u00ed y todo, no pudo evitar que la divisa norteamericana trepara otros 7 centavos.<\/p>\n","protected":false},"author":2,"featured_media":66467,"comment_status":"closed","ping_status":"closed","sticky":false,"template":"","format":"standard","meta":{"footnotes":""},"categories":[8],"tags":[21],"class_list":["post-66466","post","type-post","status-publish","format-standard","has-post-thumbnail","hentry","category-informe-nacional","tag-argentina"],"_links":{"self":[{"href":"http:\/\/argentinamunicipal.com.ar\/argentina\/wp-json\/wp\/v2\/posts\/66466","targetHints":{"allow":["GET"]}}],"collection":[{"href":"http:\/\/argentinamunicipal.com.ar\/argentina\/wp-json\/wp\/v2\/posts"}],"about":[{"href":"http:\/\/argentinamunicipal.com.ar\/argentina\/wp-json\/wp\/v2\/types\/post"}],"author":[{"embeddable":true,"href":"http:\/\/argentinamunicipal.com.ar\/argentina\/wp-json\/wp\/v2\/users\/2"}],"replies":[{"embeddable":true,"href":"http:\/\/argentinamunicipal.com.ar\/argentina\/wp-json\/wp\/v2\/comments?post=66466"}],"version-history":[{"count":0,"href":"http:\/\/argentinamunicipal.com.ar\/argentina\/wp-json\/wp\/v2\/posts\/66466\/revisions"}],"wp:featuredmedia":[{"embeddable":true,"href":"http:\/\/argentinamunicipal.com.ar\/argentina\/wp-json\/wp\/v2\/media\/66467"}],"wp:attachment":[{"href":"http:\/\/argentinamunicipal.com.ar\/argentina\/wp-json\/wp\/v2\/media?parent=66466"}],"wp:term":[{"taxonomy":"category","embeddable":true,"href":"http:\/\/argentinamunicipal.com.ar\/argentina\/wp-json\/wp\/v2\/categories?post=66466"},{"taxonomy":"post_tag","embeddable":true,"href":"http:\/\/argentinamunicipal.com.ar\/argentina\/wp-json\/wp\/v2\/tags?post=66466"}],"curies":[{"name":"wp","href":"https:\/\/api.w.org\/{rel}","templated":true}]}}