{"id":66469,"date":"2017-08-10T07:30:14","date_gmt":"2017-08-10T10:30:14","guid":{"rendered":"http:\/\/argentinamunicipal.com.ar\/argentina\/?p=66469"},"modified":"2017-08-10T07:30:14","modified_gmt":"2017-08-10T10:30:14","slug":"dilema-la-cgt","status":"publish","type":"post","link":"http:\/\/argentinamunicipal.com.ar\/argentina\/dilema-la-cgt\/","title":{"rendered":"El dilema de la CGT"},"content":{"rendered":"<p>En el marco de la disputa interna con el moyanismo, un sector importante del consejo directivo de la CGT analiz\u00f3 la posibilidad de convocar una huelga o una manifestaci\u00f3n para el 22 de agosto.<\/p>\n<p>Paro o movilizaci\u00f3n, esa es la cuesti\u00f3n que por estas horas desvela a un importante sector del Consejo Directivo de la CGT. Este grupo, donde participa el triunviro H\u00e9ctor Daer, mantuvo el martes una larga reuni\u00f3n donde analizaron ambas alternativas que est\u00e1n enmarcadas en la disputa interna que mantienen con el moyanismo sobre la futura conducci\u00f3n unipersonal de la central obrera. Pero la definici\u00f3n tambi\u00e9n podr\u00e1 darse en la noche del pr\u00f3ximo domingo, cuando ya se conozca el resultado de las PASO.<\/p>\n<p>El encuentro se realiz\u00f3 en la sede del sindicato de Sanidad que conduce Daer. Hasta el barrio porte\u00f1o de Once, donde se encuentra la sede del gremio, fueron llegando los quince dirigentes que hab\u00edan coordinado la reuni\u00f3n a trav\u00e9s de mensajes por Whatsapp. As\u00ed, adem\u00e1s del due\u00f1o de casa, ingresaron Armando Cavalieri (Comercio), Andr\u00e9s Rodr\u00edguez (UPCN), Jos\u00e9 Luis Lingeri (Obras Sanitarias), Francisco \u201cBarba\u201d Guti\u00e9rrez, V\u00edctor Santa Mar\u00eda (encargados de edificios), Rodolfo Daer (alimentaci\u00f3n) y Sergio Romero (UDA), entre otros.<\/p>\n<p>La charla, extensa, incluy\u00f3 el malestar constante que les generan \u201clos permanentes ataques\u201d que reciben de parte de Pablo Moyano. Los m\u00e1s molestos son los m\u00e1s antiguos en sus cargos, porque el camionero suele declarar que es preciso renovar las conducciones de los sindicatos por generaciones m\u00e1s j\u00f3venes. M\u00e1s all\u00e1 de que efectivamente hay dirigentes que ocupan las poltronas conductoras de los gremios desde hace varias d\u00e9cadas, lo cierto es que este sector pretende terminar con \u201cel estilo Moyano\u201d, sus modos y manejos en la vida cotidiana de la CGT.<\/p>\n<p>En esa l\u00ednea conversaron sobre algunas cuestiones administrativas de la central obrera, entre las que est\u00e1 la seguridad interna del edificio, hoy en manos del sindicato de Camioneros. El control del edificio tiene entre sus beneficios secundarios el saber todo lo que ocurre en los diferentes pisos y oficinas de la sede de la calle Azopardo. Se propusieron modificar esta situaci\u00f3n y entregarle a otro gremio, a definir, la seguridad de la CGT.<\/p>\n<p>En cuanto a la tan mentada movilizaci\u00f3n del 22 de agosto no existe por ahora entre los participantes del c\u00f3nclave del martes una posici\u00f3n definitiva. El compromiso de hacerla est\u00e1, se aprob\u00f3 durante el plenario ampliado que se realiz\u00f3 en el microestadio de Ferro hace una semana. El lunes, los movimientos sociales, al momento de culminar la marcha que hicieron desde la iglesia de San Cayetano hasta Plaza de Mayo, convocaron a \u201creventar\u201d la plaza junto a la CGT. A esa altura ya no estaba presente el triunviro Juan Carlos Schmid. El \u00fanico que continuaba estando all\u00ed era el Barba Guti\u00e9rrez, quien adem\u00e1s de no tener problema con la movilizaci\u00f3n propone desde hace tiempo la elaboraci\u00f3n de un plan de lucha que incluya un paro nacional.<\/p>\n<p>Por caso, el paro por 24 horas es lo que est\u00e1 tentando a este grupo. El martes charlaron sobre la conveniencia de esta medida. \u201cEs menos riesgosa\u201d, concluyeron. Este grupo prev\u00e9 una segura derrota de Cambiemos en las primarias del pr\u00f3ximo domingo y, por lo tanto, sostienen que eso puede despertar la tentaci\u00f3n de alg\u00fan grupo cercano al Gobierno para provocar alg\u00fan tumulto durante la movilizaci\u00f3n, lo que redundar\u00eda en favor del oficialismo.<\/p>\n<p>Pero el paro tambi\u00e9n tiene un condimento que a este grupo le sirve para su disputa interna con los camioneros, al considerar que le \u201credoblan la apuesta\u201d a la familia Moyano al tiempo que le generan una interna.<\/p>\n<p>Sucede que la Confederaci\u00f3n de Trabajadores del Transporte (CATT), donde los Moyano tienen su injerencia, ya se expres\u00f3 a favor de la movilizaci\u00f3n. Entonces, una huelga nacional implicar\u00e1 un fuerte compromiso de los gremios parte de la CATT por la importancia estrat\u00e9gica que tienen y que, seg\u00fan este sector, est\u00e1 m\u00e1s cerca del Gobierno de lo que pregona. Pero hay un dato m\u00e1s: el triunviro Juan Carlos Schmid, que conduce Dragado y Balizamiento y preside la CATT, ya dijo que no quiere abandonar su puesto en el triunvirato sin haberle realizado un paro al macrismo y esa oportunidad se la est\u00e1n ofreciendo.<\/p>\n<h6>Fuente: P\u00e1gina 12<\/h6>\n","protected":false},"excerpt":{"rendered":"<p>En el marco de la disputa interna con el moyanismo, un sector importante del consejo directivo de la CGT analiz\u00f3 la posibilidad de convocar una huelga o una manifestaci\u00f3n para el 22 de agosto.<\/p>\n","protected":false},"author":2,"featured_media":66470,"comment_status":"closed","ping_status":"closed","sticky":false,"template":"","format":"standard","meta":{"footnotes":""},"categories":[8],"tags":[21],"class_list":["post-66469","post","type-post","status-publish","format-standard","has-post-thumbnail","hentry","category-informe-nacional","tag-argentina"],"_links":{"self":[{"href":"http:\/\/argentinamunicipal.com.ar\/argentina\/wp-json\/wp\/v2\/posts\/66469","targetHints":{"allow":["GET"]}}],"collection":[{"href":"http:\/\/argentinamunicipal.com.ar\/argentina\/wp-json\/wp\/v2\/posts"}],"about":[{"href":"http:\/\/argentinamunicipal.com.ar\/argentina\/wp-json\/wp\/v2\/types\/post"}],"author":[{"embeddable":true,"href":"http:\/\/argentinamunicipal.com.ar\/argentina\/wp-json\/wp\/v2\/users\/2"}],"replies":[{"embeddable":true,"href":"http:\/\/argentinamunicipal.com.ar\/argentina\/wp-json\/wp\/v2\/comments?post=66469"}],"version-history":[{"count":0,"href":"http:\/\/argentinamunicipal.com.ar\/argentina\/wp-json\/wp\/v2\/posts\/66469\/revisions"}],"wp:featuredmedia":[{"embeddable":true,"href":"http:\/\/argentinamunicipal.com.ar\/argentina\/wp-json\/wp\/v2\/media\/66470"}],"wp:attachment":[{"href":"http:\/\/argentinamunicipal.com.ar\/argentina\/wp-json\/wp\/v2\/media?parent=66469"}],"wp:term":[{"taxonomy":"category","embeddable":true,"href":"http:\/\/argentinamunicipal.com.ar\/argentina\/wp-json\/wp\/v2\/categories?post=66469"},{"taxonomy":"post_tag","embeddable":true,"href":"http:\/\/argentinamunicipal.com.ar\/argentina\/wp-json\/wp\/v2\/tags?post=66469"}],"curies":[{"name":"wp","href":"https:\/\/api.w.org\/{rel}","templated":true}]}}