{"id":66518,"date":"2017-08-10T05:33:53","date_gmt":"2017-08-10T08:33:53","guid":{"rendered":"http:\/\/argentinamunicipal.com.ar\/argentina\/?p=66518"},"modified":"2017-08-10T08:35:55","modified_gmt":"2017-08-10T11:35:55","slug":"plottier-poco-la-terminal-se-pone-movimiento","status":"publish","type":"post","link":"http:\/\/argentinamunicipal.com.ar\/argentina\/plottier-poco-la-terminal-se-pone-movimiento\/","title":{"rendered":"Plottier: de a poco la terminal se pone en movimiento"},"content":{"rendered":"<p>Luego de m\u00e1s de seis meses con las puertas cerradas, la Terminal de \u00d3mnibus reabri\u00f3 ayer aunque no con todas las empresas de transporte. Por ahora s\u00f3lo dos compa\u00f1\u00edas reanudaron su servicio en la ciudad y otras aun paran a doscientos metros a la vera de la Ruta 22.<\/p>\n<p>Gabriela Gonz\u00e1lez, directora de la terminal, se manifest\u00f3 satisfecha con poder volver a prestar el servicio adem\u00e1s que destac\u00f3 que las instalaciones est\u00e1n en total funcionamiento.<\/p>\n<p>Por ahora el \u00fanico box que ya se instal\u00f3 es el que maneja Roberto Brito y que tiene varias empresas. Ayer frenaron \u00f3mnibus de las empresas Cono Sur e Igi Llaima. Y en los pr\u00f3ximos d\u00edas las dem\u00e1s compa\u00f1\u00edas transportistas se instalar\u00e1n y recomenzar\u00e1n a funcionar desde la terminal.<\/p>\n<p>Gonz\u00e1lez indic\u00f3 que los convenios con las empresas que trabajaban antes de las reformas est\u00e1n renovados pero que falta que firmen los contratos. Luego de firmarlos deben sellarlos y abonar el canon correspondiente en Recaudaciones para poder instalarse. Adem\u00e1s, cada empresa deber\u00e1 contratar su servicio de internet y telefon\u00eda por lo que, seg\u00fan G\u00f3nzalez, eso tambi\u00e9n demor\u00f3 un poco m\u00e1s la instalaci\u00f3n.<\/p>\n<p>Con respecto a la situaci\u00f3n edilicia, la funcionaria confirm\u00f3 que est\u00e1 todo en \u00f3ptimo funcionamiento, que el gas ya est\u00e1 funcionando y que tambi\u00e9n se trabaj\u00f3 en la parquizaci\u00f3n.<\/p>\n<p>La Municipalidad se hace cargo de proveer los servicios y mantener las instalaciones. Para la limpieza tiene destinadas dos personas por la ma\u00f1ana y dos por la tarde; para controlar la seguridad tiene cuatro turnos de seis horas con dos o una persona, otra m\u00e1s para la parquizaci\u00f3n y otra de mantenimiento general.<\/p>\n<p>A fines del a\u00f1o pasado el intendente Andr\u00e9s Peressini hab\u00eda elevado un proyecto de ordenanza para privatizar la terminal que no cont\u00f3 con el apoyo del Concejo Deliberante. Luego, el jefe comunal decidi\u00f3 cerrar el predio municipal.<\/p>\n<h6>Fuente: La Ma\u00f1ana Neuqu\u00e9n<\/h6>\n","protected":false},"excerpt":{"rendered":"<p>Luego de m\u00e1s de seis meses con las puertas cerradas, la Terminal de \u00d3mnibus reabri\u00f3 ayer aunque no con todas las empresas de transporte. <\/p>\n","protected":false},"author":2,"featured_media":66519,"comment_status":"closed","ping_status":"closed","sticky":false,"template":"","format":"standard","meta":{"footnotes":""},"categories":[2],"tags":[23],"class_list":["post-66518","post","type-post","status-publish","format-standard","has-post-thumbnail","hentry","category-informe-municipal","tag-neuquen"],"_links":{"self":[{"href":"http:\/\/argentinamunicipal.com.ar\/argentina\/wp-json\/wp\/v2\/posts\/66518","targetHints":{"allow":["GET"]}}],"collection":[{"href":"http:\/\/argentinamunicipal.com.ar\/argentina\/wp-json\/wp\/v2\/posts"}],"about":[{"href":"http:\/\/argentinamunicipal.com.ar\/argentina\/wp-json\/wp\/v2\/types\/post"}],"author":[{"embeddable":true,"href":"http:\/\/argentinamunicipal.com.ar\/argentina\/wp-json\/wp\/v2\/users\/2"}],"replies":[{"embeddable":true,"href":"http:\/\/argentinamunicipal.com.ar\/argentina\/wp-json\/wp\/v2\/comments?post=66518"}],"version-history":[{"count":0,"href":"http:\/\/argentinamunicipal.com.ar\/argentina\/wp-json\/wp\/v2\/posts\/66518\/revisions"}],"wp:featuredmedia":[{"embeddable":true,"href":"http:\/\/argentinamunicipal.com.ar\/argentina\/wp-json\/wp\/v2\/media\/66519"}],"wp:attachment":[{"href":"http:\/\/argentinamunicipal.com.ar\/argentina\/wp-json\/wp\/v2\/media?parent=66518"}],"wp:term":[{"taxonomy":"category","embeddable":true,"href":"http:\/\/argentinamunicipal.com.ar\/argentina\/wp-json\/wp\/v2\/categories?post=66518"},{"taxonomy":"post_tag","embeddable":true,"href":"http:\/\/argentinamunicipal.com.ar\/argentina\/wp-json\/wp\/v2\/tags?post=66518"}],"curies":[{"name":"wp","href":"https:\/\/api.w.org\/{rel}","templated":true}]}}