{"id":66563,"date":"2017-08-15T07:21:02","date_gmt":"2017-08-15T10:21:02","guid":{"rendered":"http:\/\/argentinamunicipal.com.ar\/argentina\/?p=66563"},"modified":"2017-08-15T07:21:02","modified_gmt":"2017-08-15T10:21:02","slug":"presos-politicos-desapariciones-forzadas-no-democracia","status":"publish","type":"post","link":"http:\/\/argentinamunicipal.com.ar\/argentina\/presos-politicos-desapariciones-forzadas-no-democracia\/","title":{"rendered":"\u00abCon presos pol\u00edticos y desapariciones forzadas, no hay democracia\u00bb"},"content":{"rendered":"<p>\u00abNunca cre\u00ed que en nuestro querido pa\u00eds, despu\u00e9s de tantos a\u00f1os de lucha, con la ense\u00f1anza que nos dejaron las madres, abuelas e hijos, tuvi\u00e9ramos que marchar otra vez para reclamar por la aparici\u00f3n con vida de una v\u00edctima de desaparici\u00f3n forzada como la es la de Santiago Maldonado\u00bb, denunci\u00f3 la l\u00edder de la Tupac Amaru, Milagro Sala, antes de la concentraci\u00f3n en Plaza de Mayo y en distintos puntos del pa\u00eds en reclamo de la aparici\u00f3n con vida del joven de 28 a\u00f1os, que est\u00e1 desaparecido desde la represi\u00f3n de la Gendarmer\u00eda al Pu Lof en Resistencia, en el departamento\u00a0Cushamen, Chubut, el pasado 1 de agosto.<\/p>\n<p>Sala, que a\u00fan permanece detenida en el penal de Alto Comedero a pesar de los reclamos de la ONU y la CIDH para que el Gobierno haga cesar la detenci\u00f3n arbitraria, asegur\u00f3:\u00a0\u00abAunque est\u00e9 detenida voy a seguir estando a su lado, defendiendo las instituciones y reclamando para que Nunca M\u00e1s volvamos a vivir lo que vivimos en dictadura\u00bb. \u00abCon presos pol\u00edticos y con desapariciones forzadas no hay democracia\u00bb, sentenci\u00f3.<\/p>\n<p>La l\u00edder social exigi\u00f3 \u00abla renuncia de Patricia Bullrich, responsable pol\u00edtica de esta desaparici\u00f3n\u00bb\u00a0y denunci\u00f3 a \u00ablos medios de comunicaci\u00f3n que por omisi\u00f3n o con falsas notas, como en la dictadura, pretenden negar la dura realidad que nos golpea\u00bb. \u00abToda la solidaridad con la familia de Santiago y un fuerte abrazo\u00bb, salud\u00f3 Sala.<\/p>\n<h6>Fuetne: P\u00e1gina 12<\/h6>\n","protected":false},"excerpt":{"rendered":"<p>\u00abNunca cre\u00ed que en nuestro querido pa\u00eds, despu\u00e9s de tantos a\u00f1os de lucha, con la ense\u00f1anza que nos dejaron las madres, abuelas e hijos, tuvi\u00e9ramos que marchar otra vez para reclamar por la aparici\u00f3n con vida de una v\u00edctima de desaparici\u00f3n forzada como la es la de Santiago Maldonado\u00bb<\/p>\n","protected":false},"author":2,"featured_media":66564,"comment_status":"closed","ping_status":"closed","sticky":false,"template":"","format":"standard","meta":{"footnotes":""},"categories":[8],"tags":[21],"class_list":["post-66563","post","type-post","status-publish","format-standard","has-post-thumbnail","hentry","category-informe-nacional","tag-argentina"],"_links":{"self":[{"href":"http:\/\/argentinamunicipal.com.ar\/argentina\/wp-json\/wp\/v2\/posts\/66563","targetHints":{"allow":["GET"]}}],"collection":[{"href":"http:\/\/argentinamunicipal.com.ar\/argentina\/wp-json\/wp\/v2\/posts"}],"about":[{"href":"http:\/\/argentinamunicipal.com.ar\/argentina\/wp-json\/wp\/v2\/types\/post"}],"author":[{"embeddable":true,"href":"http:\/\/argentinamunicipal.com.ar\/argentina\/wp-json\/wp\/v2\/users\/2"}],"replies":[{"embeddable":true,"href":"http:\/\/argentinamunicipal.com.ar\/argentina\/wp-json\/wp\/v2\/comments?post=66563"}],"version-history":[{"count":0,"href":"http:\/\/argentinamunicipal.com.ar\/argentina\/wp-json\/wp\/v2\/posts\/66563\/revisions"}],"wp:featuredmedia":[{"embeddable":true,"href":"http:\/\/argentinamunicipal.com.ar\/argentina\/wp-json\/wp\/v2\/media\/66564"}],"wp:attachment":[{"href":"http:\/\/argentinamunicipal.com.ar\/argentina\/wp-json\/wp\/v2\/media?parent=66563"}],"wp:term":[{"taxonomy":"category","embeddable":true,"href":"http:\/\/argentinamunicipal.com.ar\/argentina\/wp-json\/wp\/v2\/categories?post=66563"},{"taxonomy":"post_tag","embeddable":true,"href":"http:\/\/argentinamunicipal.com.ar\/argentina\/wp-json\/wp\/v2\/tags?post=66563"}],"curies":[{"name":"wp","href":"https:\/\/api.w.org\/{rel}","templated":true}]}}