{"id":66575,"date":"2017-08-15T07:36:41","date_gmt":"2017-08-15T10:36:41","guid":{"rendered":"http:\/\/argentinamunicipal.com.ar\/argentina\/?p=66575"},"modified":"2017-08-15T07:36:41","modified_gmt":"2017-08-15T10:36:41","slug":"intensas-actividades-del-programa-municipios-saludables-catamarca","status":"publish","type":"post","link":"http:\/\/argentinamunicipal.com.ar\/argentina\/intensas-actividades-del-programa-municipios-saludables-catamarca\/","title":{"rendered":"Intensas actividades del Programa Municipios Saludables en Catamarca"},"content":{"rendered":"<p>Se realizaron actividades en varias localidades de la provincia.<\/p>\n<p>El Ministerio de Salud de la Provincia, a trav\u00e9s del Programa Nacional de Ciudades, Municipios y Comunidades Saludables realiz\u00f3 diversas actividades en varias localidades de la provincia. Se contin\u00faa avanzando en las fases propias de dicho programa; fortaleciendo las capacidades locales y la gesti\u00f3n de pol\u00edticas p\u00fablicas.<\/p>\n<p>En la localidad de Ica\u00f1o, departamento La Paz, se logr\u00f3 conformar la mesa intersectorial; se design\u00f3 formalmente el referente local y se firm\u00f3 el acuerdo territorial por parte del intendente, P\u00edo Carletta. En la oportunidad, se brind\u00f3 capacitaci\u00f3n a las diferentes instituciones sobre las funciones que deben desempe\u00f1ar; se pudo conocer la problem\u00e1tica de cada \u00e1rea y se dio a conocer los diferentes programas con los que se podr\u00e1 efectuar actividades desde el Ministerio de Salud de la provincia.<\/p>\n<p>Asimismo, se articul\u00f3 acciones con la direcci\u00f3n de Saneamiento Ambiental de la provincia, en la cual se desarroll\u00f3 una productiva jornada de capacitaci\u00f3n sobre: \u00abAgua segura, limpieza y desinfecci\u00f3n de tanques y cisternas\u201d y \u00abAlimentos libres de gluten ALG\u201d. La capacitaci\u00f3n fue dirigida a empleados, l\u00edderes comunitarios y p\u00fablico en general.<\/p>\n<p>Por otro lado, en la localidad de Villa Vil, departamento Bel\u00e9n, se capacit\u00f3 a la mesa intersectorial con la presencia de diferentes delegados municipales y el cacique de Morterito las Cuevas. El encuentro permiti\u00f3 plantear la utilidad que les brinda el set de An\u00e1lisis de Situaci\u00f3n Local para conocer su realidad; y tambi\u00e9n, se pudo designar formalmente al referente, para luego realizar la firma del acuerdo territorial.<\/p>\n<p>De la misma manera, en la localidad de Puerta de Corral Quemado, departamento Bel\u00e9n con una nutrida concurrencia se pudo establecer su referente local, conformar y capacitar mesa intersectorial con la participaci\u00f3n de escuelas de nivel primario y secundario, polic\u00eda, centro de salud y la comisi\u00f3n de la iglesia. Esta reuni\u00f3n permiti\u00f3 reflejar algunas problem\u00e1ticas que preocupan a la zona, y en donde la provincia se comprometi\u00f3 a brindar el apoyo t\u00e9cnico necesario para poder generar acciones de promoci\u00f3n seg\u00fan la tem\u00e1tica que se deba abordar.<\/p>\n<p>Finalmente, en las localidades de Corral Quemado, referentes del programa mantuvieron una reuni\u00f3n con el intendente para establecer, a fin de mes, una serie de actividades.<\/p>\n<h6>Fuente: El Esquiu<\/h6>\n","protected":false},"excerpt":{"rendered":"<p>Se realizaron actividades en varias localidades de la provincia.<\/p>\n","protected":false},"author":2,"featured_media":66576,"comment_status":"closed","ping_status":"closed","sticky":false,"template":"","format":"standard","meta":{"footnotes":""},"categories":[2],"tags":[16],"class_list":["post-66575","post","type-post","status-publish","format-standard","has-post-thumbnail","hentry","category-informe-municipal","tag-catamarca"],"_links":{"self":[{"href":"http:\/\/argentinamunicipal.com.ar\/argentina\/wp-json\/wp\/v2\/posts\/66575","targetHints":{"allow":["GET"]}}],"collection":[{"href":"http:\/\/argentinamunicipal.com.ar\/argentina\/wp-json\/wp\/v2\/posts"}],"about":[{"href":"http:\/\/argentinamunicipal.com.ar\/argentina\/wp-json\/wp\/v2\/types\/post"}],"author":[{"embeddable":true,"href":"http:\/\/argentinamunicipal.com.ar\/argentina\/wp-json\/wp\/v2\/users\/2"}],"replies":[{"embeddable":true,"href":"http:\/\/argentinamunicipal.com.ar\/argentina\/wp-json\/wp\/v2\/comments?post=66575"}],"version-history":[{"count":0,"href":"http:\/\/argentinamunicipal.com.ar\/argentina\/wp-json\/wp\/v2\/posts\/66575\/revisions"}],"wp:featuredmedia":[{"embeddable":true,"href":"http:\/\/argentinamunicipal.com.ar\/argentina\/wp-json\/wp\/v2\/media\/66576"}],"wp:attachment":[{"href":"http:\/\/argentinamunicipal.com.ar\/argentina\/wp-json\/wp\/v2\/media?parent=66575"}],"wp:term":[{"taxonomy":"category","embeddable":true,"href":"http:\/\/argentinamunicipal.com.ar\/argentina\/wp-json\/wp\/v2\/categories?post=66575"},{"taxonomy":"post_tag","embeddable":true,"href":"http:\/\/argentinamunicipal.com.ar\/argentina\/wp-json\/wp\/v2\/tags?post=66575"}],"curies":[{"name":"wp","href":"https:\/\/api.w.org\/{rel}","templated":true}]}}