{"id":66587,"date":"2017-08-15T06:01:19","date_gmt":"2017-08-15T09:01:19","guid":{"rendered":"http:\/\/argentinamunicipal.com.ar\/argentina\/?p=66587"},"modified":"2017-08-15T08:04:03","modified_gmt":"2017-08-15T11:04:03","slug":"firmaron-convenio-especifico-continuar-la-capacitacion-concejales-entrerrianos","status":"publish","type":"post","link":"http:\/\/argentinamunicipal.com.ar\/argentina\/firmaron-convenio-especifico-continuar-la-capacitacion-concejales-entrerrianos\/","title":{"rendered":"Firmaron convenio espec\u00edfico para continuar la Capacitaci\u00f3n de Concejales entrerrianos"},"content":{"rendered":"<p>El vicegobernador, Ad\u00e1n Humberto Bahl y la Decana de la Facultad de Ciencias de la Educaci\u00f3n de la Universidad Nacional de Entre R\u00edos (UNER), Gabriela Bergom\u00e1s se reunieron con el prop\u00f3sito de formalizar la firma del convenio espec\u00edfico para la realizaci\u00f3n del 2\u00b0 Modulo del Programa en Gesti\u00f3n Legislativa y Pol\u00edticas P\u00fablicas Municipales dirigido a los concejales de toda la provincia que se realizar\u00e1 los d\u00edas 8 y 9 de septiembre en la ciudad de Paran\u00e1<\/p>\n<p>El acto de la firma de convenio se efectiviz\u00f3 en la Facultad de Ciencias de la Educaci\u00f3n, oportunidad en la que la decana present\u00f3 al vicegobernador el cuerpo de docentes que estar\u00e1n a cargo de la segunda instancia de formaci\u00f3n que tendr\u00e1n los concejales de los municipios entrerrianos que se inscriban para participar.<\/p>\n<p>Tras la firma del convenio y de ajustar detalles organizativos entre ambas instituciones el vicegobernador Ad\u00e1n Humberto Bahl destac\u00f3 la colaboraci\u00f3n de la casa de estudios y el compromiso con esta iniciativa: \u201cEn esta etapa, los concejales de la provincia se capacitar\u00e1n en Comunicaci\u00f3n Pol\u00edtica e Institucional, una formaci\u00f3n fundamental en el contexto actual en que debemos mejorar la comunicaci\u00f3n con los ciudadanos y apropiarnos de las tecnolog\u00edas de informaci\u00f3n para poder llegar, de forma eficiente y transparente, a los vecinos\u201d, sostuvo.<\/p>\n<p>\u201cEs importante que ese conocimiento sume para construir mejores relaciones entre los ciudadanos. La cooperaci\u00f3n entre Estado y las Universidades es fundamental: tenemos que acercar juntos esos conocimientos al territorio\u201d, remarc\u00f3 Bahl.<\/p>\n<p>Por su parte la decana de la Facultad de Ciencias de la Educaci\u00f3n Gabriela Bergom\u00e1s sostuvo que llevar a cabo esta capacitaci\u00f3n \u201csignifica un enorme desaf\u00edo que nos pone en un lugar de responder a una demanda de la provincia que es una de nuestras funciones principales como Universidad\u201d.<\/p>\n<p>Y agreg\u00f3: \u201cLa formaci\u00f3n en comunicaci\u00f3n pol\u00edtica es un tema estrat\u00e9gico en la capacitaci\u00f3n y formaci\u00f3n de los gobernantes, por eso valoramos esta iniciativa de Vicegobernaci\u00f3n para poder llevar a cabo esta articulaci\u00f3n entre las universidades de la provincia y el gobierno para llevar al territorio las necesidades y demandas de nuestros pobladores\u201d.<\/p>\n<p>De encuentro participaron tambi\u00e9n el secretario general de la Facultad, Lic. Mauro Alcar\u00e1z; el secretario de Extensi\u00f3n, Lic. Juan Manuel Gim\u00e9nez; y las docentes que estar\u00e1n a cargo de la capacitaci\u00f3n Lic. Mar\u00eda Emilia Elizar y Lic. Natalia Gigliotti.<\/p>\n<p>\u2022 M\u00f3dulo 2<\/p>\n<p>Los contenidos de este segundo m\u00f3dulo, que se realizar\u00e1 el pr\u00f3ximo 8 y 9 de septiembre en la sede de la Facultad, estar\u00e1 a cargo de las docentes: Natalia Gigliotti y Mar\u00eda Emilia ELizar y contar\u00e1 con cuatro unidades a desarrollar: Reconocimiento e identificaci\u00f3n del territorio y los actores, Comunicaci\u00f3n Pol\u00edtica, Comunicaci\u00f3n de Gobierno; y por \u00faltimo se realizar\u00e1 un aula taller donde se brindar\u00e1n herramientas para comunicar.<\/p>\n<p>La propuesta de formaci\u00f3n est\u00e1 pensada para profundizar y desarrollar algunos conceptos y herramientas de la comunicaci\u00f3n pol\u00edtica y de gobierno para las gestiones locales. En el marco de un creciente desarrollo y expansi\u00f3n de los medios y formas de comunicaci\u00f3n, se intensifican las demandas ciudadanas de nuevos canales de contacto y respuesta con quienes gobiernan o quieren gobernar.<\/p>\n<p>\u2022 Inscripci\u00f3n y participaci\u00f3n<\/p>\n<p>Este programa es una propuesta de capacitaci\u00f3n y formaci\u00f3n organizada por la Vicegobernaci\u00f3n de Entre R\u00edos destinado a concejales que tienen la responsabilidad de pensar, debatir y legislar sobre problem\u00e1ticas que a\u00fan no han sido resueltas y anticipar soluciones para el futuro.<\/p>\n<p>Los interesados pueden inscribirse a trav\u00e9s de la p\u00e1gina web: www.senadoer.gob.ar.<\/p>\n<p>Fuente: APFDigital<\/p>\n","protected":false},"excerpt":{"rendered":"<p>El vicegobernador, y la Decana de la Facultad de Ciencias de la Educaci\u00f3n de la Universidad Nacional de Entre R\u00edos (UNER), se reunieron con el prop\u00f3sito de formalizar la firma del convenio espec\u00edfico para la realizaci\u00f3n del 2\u00b0 Modulo del Programa en Gesti\u00f3n Legislativa y Pol\u00edticas P\u00fablicas Municipales<\/p>\n","protected":false},"author":2,"featured_media":66588,"comment_status":"closed","ping_status":"closed","sticky":false,"template":"","format":"standard","meta":{"footnotes":""},"categories":[2],"tags":[17],"class_list":["post-66587","post","type-post","status-publish","format-standard","has-post-thumbnail","hentry","category-informe-municipal","tag-entre-rios"],"_links":{"self":[{"href":"http:\/\/argentinamunicipal.com.ar\/argentina\/wp-json\/wp\/v2\/posts\/66587","targetHints":{"allow":["GET"]}}],"collection":[{"href":"http:\/\/argentinamunicipal.com.ar\/argentina\/wp-json\/wp\/v2\/posts"}],"about":[{"href":"http:\/\/argentinamunicipal.com.ar\/argentina\/wp-json\/wp\/v2\/types\/post"}],"author":[{"embeddable":true,"href":"http:\/\/argentinamunicipal.com.ar\/argentina\/wp-json\/wp\/v2\/users\/2"}],"replies":[{"embeddable":true,"href":"http:\/\/argentinamunicipal.com.ar\/argentina\/wp-json\/wp\/v2\/comments?post=66587"}],"version-history":[{"count":0,"href":"http:\/\/argentinamunicipal.com.ar\/argentina\/wp-json\/wp\/v2\/posts\/66587\/revisions"}],"wp:featuredmedia":[{"embeddable":true,"href":"http:\/\/argentinamunicipal.com.ar\/argentina\/wp-json\/wp\/v2\/media\/66588"}],"wp:attachment":[{"href":"http:\/\/argentinamunicipal.com.ar\/argentina\/wp-json\/wp\/v2\/media?parent=66587"}],"wp:term":[{"taxonomy":"category","embeddable":true,"href":"http:\/\/argentinamunicipal.com.ar\/argentina\/wp-json\/wp\/v2\/categories?post=66587"},{"taxonomy":"post_tag","embeddable":true,"href":"http:\/\/argentinamunicipal.com.ar\/argentina\/wp-json\/wp\/v2\/tags?post=66587"}],"curies":[{"name":"wp","href":"https:\/\/api.w.org\/{rel}","templated":true}]}}