{"id":66617,"date":"2017-08-15T08:39:44","date_gmt":"2017-08-15T11:39:44","guid":{"rendered":"http:\/\/argentinamunicipal.com.ar\/argentina\/?p=66617"},"modified":"2017-08-15T08:39:44","modified_gmt":"2017-08-15T11:39:44","slug":"fiesta-nacional-la-dulzura-villa-merlo-del-18-al-21-agosto","status":"publish","type":"post","link":"http:\/\/argentinamunicipal.com.ar\/argentina\/fiesta-nacional-la-dulzura-villa-merlo-del-18-al-21-agosto\/","title":{"rendered":"Fiesta Nacional de la Dulzura, Villa de Merlo, del 18 al 21 de agosto"},"content":{"rendered":"<p>La 28\u00b0 edici\u00f3n de la Fiesta Nacional de la Dulzura tendr\u00e1 lugar el fin de semana largo del 18 al 21 de agosto. Islas de sabores, clases magistrales, espect\u00e1culos y juegos, son algunas de las propuestas.<\/p>\n<p>Al terminar el festival los asistentes podr\u00e1n degustar una dulzura gigante que ser\u00e1 elaborada para el p\u00fablico.<\/p>\n<p>El evento gastron\u00f3mico que ya es tradici\u00f3n en Villa de Merlo se prepara para deleitar una vez m\u00e1s a turistas y merlinos. La Fiesta Nacional de la Dulzura inicia el viernes 18 de agosto y se extiende hasta el lunes 21. Son cuatro d\u00edas para acercarse a los sabores m\u00e1s tradicionales de la zona e incursionar tambi\u00e9n en las \u00faltimas novedades, ya que la consolidaci\u00f3n del evento ha dado lugar a la incorporaci\u00f3n de alternativas vinculadas a los sabores org\u00e1nicos, cervecer\u00edas artesanales y t\u00e9s de especialidad, entre otros.<\/p>\n<p>El Club San Mart\u00edn albergar\u00e1 a productores y prestadores de servicios gastron\u00f3micos en un espacio en el que tambi\u00e9n tendr\u00e1n lugar clases magistrales de cocina, espect\u00e1culos musicales y juegos para toda la familia, todo con entrada libre y gratuita.<\/p>\n<p>\u201cSe espera una alta concurrencia a la Fiesta \u2013 se\u00f1ala Luc\u00eda Miranda, Secretaria de Turismo y Cultura de Villa de Merlo \u2013 tanto de pobladores como de turistas, que visitar\u00e1n el destino aprovechando el fin de semana largo\u201d. Adem\u00e1s, el evento coincide con la celebraci\u00f3n del D\u00eda del Ni\u00f1o, por lo que tambi\u00e9n habr\u00e1 sorpresas especiales para agasajar a los m\u00e1s peque\u00f1os.<\/p>\n<p>Sobre el cierre del evento los asistentes podr\u00e1n degustar una dulzura gigante que ser\u00e1 elaborada a la vista del p\u00fablico. Asimismo, se realizar\u00e1 un reconocimiento a las pasteleras que &#8211; fieles a sus tradiciones &#8211; cocinaban los cl\u00e1sicos dulces de la zona, que ya forman parte de la identidad merlina.<\/p>\n<p><strong>Sobre los inicios de la Fiesta<\/strong><\/p>\n<p>A fines de la d\u00e9cada de 1980, un grupo de vecinas de Villa de Merlo ide\u00f3 una festividad que reflejara la tradici\u00f3n popular local vinculada con la elaboraci\u00f3n de diversos productos dulces y que, a su vez, ampliara la oferta tur\u00edstica de la zona. La primera edici\u00f3n lleg\u00f3 en 1989 y alcanz\u00f3 en el a\u00f1o 2002 el rango de Fiesta Nacional instal\u00e1ndose definitivamente en el calendario federal. \u00a0Con el correr de los a\u00f1os la Fiesta se fue consolidando, actualizando y sumando atractivos, manteniendo intacto su poder convocante.<\/p>\n<h6>Fuente: La Voz<\/h6>\n","protected":false},"excerpt":{"rendered":"<p>La 28\u00b0 edici\u00f3n de la Fiesta Nacional de la Dulzura tendr\u00e1 lugar el fin de semana largo del 18 al 21 de agosto. Islas de sabores, clases magistrales, espect\u00e1culos y juegos, son algunas de las propuestas.<\/p>\n","protected":false},"author":2,"featured_media":66618,"comment_status":"closed","ping_status":"closed","sticky":false,"template":"","format":"standard","meta":{"footnotes":""},"categories":[47],"tags":[28],"class_list":["post-66617","post","type-post","status-publish","format-standard","has-post-thumbnail","hentry","category-fiestas","tag-san-luis"],"_links":{"self":[{"href":"http:\/\/argentinamunicipal.com.ar\/argentina\/wp-json\/wp\/v2\/posts\/66617","targetHints":{"allow":["GET"]}}],"collection":[{"href":"http:\/\/argentinamunicipal.com.ar\/argentina\/wp-json\/wp\/v2\/posts"}],"about":[{"href":"http:\/\/argentinamunicipal.com.ar\/argentina\/wp-json\/wp\/v2\/types\/post"}],"author":[{"embeddable":true,"href":"http:\/\/argentinamunicipal.com.ar\/argentina\/wp-json\/wp\/v2\/users\/2"}],"replies":[{"embeddable":true,"href":"http:\/\/argentinamunicipal.com.ar\/argentina\/wp-json\/wp\/v2\/comments?post=66617"}],"version-history":[{"count":0,"href":"http:\/\/argentinamunicipal.com.ar\/argentina\/wp-json\/wp\/v2\/posts\/66617\/revisions"}],"wp:featuredmedia":[{"embeddable":true,"href":"http:\/\/argentinamunicipal.com.ar\/argentina\/wp-json\/wp\/v2\/media\/66618"}],"wp:attachment":[{"href":"http:\/\/argentinamunicipal.com.ar\/argentina\/wp-json\/wp\/v2\/media?parent=66617"}],"wp:term":[{"taxonomy":"category","embeddable":true,"href":"http:\/\/argentinamunicipal.com.ar\/argentina\/wp-json\/wp\/v2\/categories?post=66617"},{"taxonomy":"post_tag","embeddable":true,"href":"http:\/\/argentinamunicipal.com.ar\/argentina\/wp-json\/wp\/v2\/tags?post=66617"}],"curies":[{"name":"wp","href":"https:\/\/api.w.org\/{rel}","templated":true}]}}