{"id":6662,"date":"2014-04-29T09:08:41","date_gmt":"2014-04-29T12:08:41","guid":{"rendered":"http:\/\/argentinamunicipal.com.ar\/argentina\/?p=6662"},"modified":"2014-04-29T09:08:41","modified_gmt":"2014-04-29T12:08:41","slug":"jujuy-el-seom-se-reunira-con-el-obispo-fernandez","status":"publish","type":"post","link":"http:\/\/argentinamunicipal.com.ar\/argentina\/jujuy-el-seom-se-reunira-con-el-obispo-fernandez\/","title":{"rendered":"Jujuy: El Seom se reunir\u00e1 con el obispo Fern\u00e1ndez"},"content":{"rendered":"<p><a href=\"http:\/\/argentinamunicipal.com.ar\/argentina\/wp-content\/uploads\/2014\/04\/399044_620.jpg\"><img loading=\"lazy\" decoding=\"async\" class=\"aligncenter size-full wp-image-6663\" src=\"http:\/\/argentinamunicipal.com.ar\/argentina\/wp-content\/uploads\/2014\/04\/399044_620.jpg\" alt=\"399044_620\" width=\"620\" height=\"465\" srcset=\"http:\/\/argentinamunicipal.com.ar\/argentina\/wp-content\/uploads\/2014\/04\/399044_620.jpg 620w, http:\/\/argentinamunicipal.com.ar\/argentina\/wp-content\/uploads\/2014\/04\/399044_620-300x225.jpg 300w\" sizes=\"auto, (max-width: 620px) 100vw, 620px\" \/><\/a><\/p>\n<p>Dar\u00e1n a conocer cu\u00e1les son las reivindicaciones de los precarizados municipales.<\/p>\n<p>El Seom Jujuy ser\u00e1 recibido esta tarde, a las 18, por el obispo C\u00e9sar Fern\u00e1ndez, en respuesta a una nota solicitando audiencia para dar a conocer cu\u00e1les son las reivindicaciones de los precarizados municipales.<\/p>\n<p>La idea surgi\u00f3 durante la \u00faltima movilizaci\u00f3n y acampe de parte de un grupo de compa\u00f1eras que consideraron oportuno solicitar una reuni\u00f3n con el m\u00e1ximo dirigente de la Iglesia Cat\u00f3lica juje\u00f1a.<\/p>\n<h6>Fuente: El Tribuno, Jujuy<\/h6>\n","protected":false},"excerpt":{"rendered":"<p>Dar\u00e1n a conocer cu\u00e1les son las reivindicaciones de los precarizados municipales. El Seom Jujuy ser\u00e1 recibido esta tarde, a las 18, por el obispo C\u00e9sar Fern\u00e1ndez, en respuesta a una nota solicitando audiencia para dar a conocer cu\u00e1les son las reivindicaciones de los precarizados municipales. La idea surgi\u00f3 durante la \u00faltima movilizaci\u00f3n y acampe de<\/p>\n","protected":false},"author":2,"featured_media":6663,"comment_status":"closed","ping_status":"closed","sticky":false,"template":"","format":"standard","meta":{"footnotes":""},"categories":[7],"tags":[25],"class_list":["post-6662","post","type-post","status-publish","format-standard","has-post-thumbnail","hentry","category-informe-sindical","tag-jujuy"],"_links":{"self":[{"href":"http:\/\/argentinamunicipal.com.ar\/argentina\/wp-json\/wp\/v2\/posts\/6662","targetHints":{"allow":["GET"]}}],"collection":[{"href":"http:\/\/argentinamunicipal.com.ar\/argentina\/wp-json\/wp\/v2\/posts"}],"about":[{"href":"http:\/\/argentinamunicipal.com.ar\/argentina\/wp-json\/wp\/v2\/types\/post"}],"author":[{"embeddable":true,"href":"http:\/\/argentinamunicipal.com.ar\/argentina\/wp-json\/wp\/v2\/users\/2"}],"replies":[{"embeddable":true,"href":"http:\/\/argentinamunicipal.com.ar\/argentina\/wp-json\/wp\/v2\/comments?post=6662"}],"version-history":[{"count":0,"href":"http:\/\/argentinamunicipal.com.ar\/argentina\/wp-json\/wp\/v2\/posts\/6662\/revisions"}],"wp:featuredmedia":[{"embeddable":true,"href":"http:\/\/argentinamunicipal.com.ar\/argentina\/wp-json\/wp\/v2\/media\/6663"}],"wp:attachment":[{"href":"http:\/\/argentinamunicipal.com.ar\/argentina\/wp-json\/wp\/v2\/media?parent=6662"}],"wp:term":[{"taxonomy":"category","embeddable":true,"href":"http:\/\/argentinamunicipal.com.ar\/argentina\/wp-json\/wp\/v2\/categories?post=6662"},{"taxonomy":"post_tag","embeddable":true,"href":"http:\/\/argentinamunicipal.com.ar\/argentina\/wp-json\/wp\/v2\/tags?post=6662"}],"curies":[{"name":"wp","href":"https:\/\/api.w.org\/{rel}","templated":true}]}}