{"id":66629,"date":"2017-08-17T06:00:27","date_gmt":"2017-08-17T09:00:27","guid":{"rendered":"http:\/\/argentinamunicipal.com.ar\/argentina\/?p=66629"},"modified":"2017-08-17T06:53:01","modified_gmt":"2017-08-17T09:53:01","slug":"esteban-bullrich-reconocio-la-eleccion-bonaerense-la-habria-ganado-cristina","status":"publish","type":"post","link":"http:\/\/argentinamunicipal.com.ar\/argentina\/esteban-bullrich-reconocio-la-eleccion-bonaerense-la-habria-ganado-cristina\/","title":{"rendered":"Esteban Bullrich reconoci\u00f3 que la elecci\u00f3n bonaerense la habr\u00eda ganado Cristina"},"content":{"rendered":"<p>Sin embargo, enfatiz\u00f3 que la competencia con la ex Presidenta termin\u00f3 en \u00abun empate t\u00e9cnico\u00bb.<\/p>\n<p>Nada menos que el primer candidato a senador nacional por la provincia de Buenos Aires por\u00a0Cambiemos, Esteban Bullrich, reconoci\u00f3 que los datos finales del escrutino definitivo de las\u00a0PASO\u00a0mostrar\u00edan una victoria de\u00a0Cristina Fern\u00e1ndez.<\/p>\n<p>El ex ministro de Educaci\u00f3n lo dijo en medio del esc\u00e1ndalo por la manipulaci\u00f3n de la carga de votos en el escrutinio provisorio, que fue denunciada por\u00a0Unidad Ciudadana\u00a0en la misma madrugada del \u00faltimo lunes, cuando a las 3.40 am Cristina habl\u00f3 a sus seguidores en el b\u00fanker de Sarand\u00ed.<\/p>\n<p>En di\u00e1logo con Marcelo Szlotogwiazda por Radio 10, Bullrich apunt\u00f3:\u00a0\u00abPuede ser que quedemos unos votos abajo, pero es casi un empate t\u00e9cnico\u00bb, relativiz\u00f3.<\/p>\n<p>Asimismo, el postulante al Senado culp\u00f3 a las boletas impresas por el papel\u00f3n y volvi\u00f3 a la carga con el proyecto oficial de voto electr\u00f3nico. \u00abCuando comparas los \u00faltimos procesos electorales fueron todos similares. El sistema no nos gusta. Con la boleta electr\u00f3nica esto no hubiera pasado. A las 22 hubi\u00e9ramos tenido el 100% de los votos\u00bb, aventur\u00f3.<\/p>\n<p>En tanto, defendi\u00f3 la temprana salida de Macri a celebrar con sus militantes los n\u00fameros del comicio cuando apenas se hab\u00eda cargado un bajo porcentaje de las mesas. \u00abLo que dijimos fue que hicimos una gran elecci\u00f3n. Cuando Mauricio subi\u00f3 era un conjunto de victorias\u00bb, justific\u00f3.<\/p>\n<h6>Fuente: InfoNews<\/h6>\n","protected":false},"excerpt":{"rendered":"<p>Sin embargo, enfatiz\u00f3 que la competencia con la ex Presidenta termin\u00f3 en \u00abun empate t\u00e9cnico\u00bb.<\/p>\n","protected":false},"author":2,"featured_media":66630,"comment_status":"closed","ping_status":"closed","sticky":false,"template":"","format":"standard","meta":{"footnotes":""},"categories":[8],"tags":[21],"class_list":["post-66629","post","type-post","status-publish","format-standard","has-post-thumbnail","hentry","category-informe-nacional","tag-argentina"],"_links":{"self":[{"href":"http:\/\/argentinamunicipal.com.ar\/argentina\/wp-json\/wp\/v2\/posts\/66629","targetHints":{"allow":["GET"]}}],"collection":[{"href":"http:\/\/argentinamunicipal.com.ar\/argentina\/wp-json\/wp\/v2\/posts"}],"about":[{"href":"http:\/\/argentinamunicipal.com.ar\/argentina\/wp-json\/wp\/v2\/types\/post"}],"author":[{"embeddable":true,"href":"http:\/\/argentinamunicipal.com.ar\/argentina\/wp-json\/wp\/v2\/users\/2"}],"replies":[{"embeddable":true,"href":"http:\/\/argentinamunicipal.com.ar\/argentina\/wp-json\/wp\/v2\/comments?post=66629"}],"version-history":[{"count":0,"href":"http:\/\/argentinamunicipal.com.ar\/argentina\/wp-json\/wp\/v2\/posts\/66629\/revisions"}],"wp:featuredmedia":[{"embeddable":true,"href":"http:\/\/argentinamunicipal.com.ar\/argentina\/wp-json\/wp\/v2\/media\/66630"}],"wp:attachment":[{"href":"http:\/\/argentinamunicipal.com.ar\/argentina\/wp-json\/wp\/v2\/media?parent=66629"}],"wp:term":[{"taxonomy":"category","embeddable":true,"href":"http:\/\/argentinamunicipal.com.ar\/argentina\/wp-json\/wp\/v2\/categories?post=66629"},{"taxonomy":"post_tag","embeddable":true,"href":"http:\/\/argentinamunicipal.com.ar\/argentina\/wp-json\/wp\/v2\/tags?post=66629"}],"curies":[{"name":"wp","href":"https:\/\/api.w.org\/{rel}","templated":true}]}}